{"id":41441,"date":"2011-08-31T10:59:56","date_gmt":"2011-08-31T08:59:56","guid":{"rendered":"http:\/\/www.hier-luebeck.de\/?p=41441"},"modified":"2011-08-31T10:59:56","modified_gmt":"2011-08-31T08:59:56","slug":"allianz-kritisiert-wirtschaftsminister-de-jagers-teilnahme-am-dialogforum-siegert-politische-unabhangigkeit-des-forums-in-frage-gestellt","status":"publish","type":"post","link":"https:\/\/hier-luebeck.de\/index.php\/allianz-kritisiert-wirtschaftsminister-de-jagers-teilnahme-am-dialogforum-siegert-politische-unabhangigkeit-des-forums-in-frage-gestellt\/","title":{"rendered":"Allianz kritisiert Wirtschaftsminister de Jagers Teilnahme am Dialogforum: Siegert: Politische Unabh\u00e4ngigkeit des Forums in Frage gestellt"},"content":{"rendered":"<p><span><span><span><span><span><span><span><span><span><span>Fehmarn \/  Bad Schwartau: Die Teilnaheme von Minister de Jager als Vertreter des  Wirtschaftsministeriums im Dialogforum empfindet die Allianz gegen eine feste  Fehmarnbeltquerung als neuerliche Belastung des Dialogforums. Das Forum war  durch Ministerpr\u00e4sident Carstensen als \u201epolitisch von der Landesregierung  unabh\u00e4ngig\u201c angepriesen worden. De Jager nehme zwar als Minister teil, er sei  aber gleichwohl bedeutender Parteipolitiker mit Ambitionen auf das Amt des  Ministerpr\u00e4sidenten. Im Wirtschaftsministerium g\u00e4be es zudem zahlreiche  hochrangige Verwaltungsfachleute zum Thema Fehmarnbelt. <!--more--><\/span><\/span><\/span><\/span><\/span><\/span><\/span><\/span><\/span><span><span><span><span><span><span><span><span><span>Deswegen  stellt sich nun die Frage nach der tats\u00e4chlichen Unabh\u00e4ngigkeit des  Dialogforums, insbesondere weil Antr\u00e4ge von Vertretern anderer politischer  Parteien auf Teilnahme am Forum durch die Organisatoren abgelehnt wurden.  \u201eDerart mangelndes Fingerspitzengef\u00fchl der Landesregierung bei den  Entscheidungen zum Dialogforum, wie die unabgestimmte Benennung von Dr. Jessen  als \u201eSprecher\u201c oder die Teilnahme vom Herrn de Jager, h\u00e4ufen sich bereits im  Vorfeld und d\u00e4mpfen unsere urspr\u00fcnglich positiven Erwartungen an das Instrument  Dialogforum ganz erheblich\u201c, so Malte Siegert, Sprecher der Allianz. <\/span><\/span><\/span><\/span><\/span><\/span><\/span><\/span><\/span><\/span><\/p>\n<p><span><span><span><span><span><span><span><span><span><span>Wichtige  Interessengruppen, wie unter anderem die Umwelschutzverb\u00e4nde  NABU und BUND,  h\u00e4tten wegen der Ausgestaltung des Forums nach Gutsherrenart die Konsequenzen  gezogen und ihre Teilnahme bereits abgesagt. Ihre Verweigerung der Mitarbeit  schr\u00e4nkt die Wirksamkeit des Forums bereits erheblich ein. Sinnvoll w\u00e4re  deswegen in Abstimmung mit den Umweltverb\u00e4nden und den anderen Teilnehmern das  Konzept des Forums nochmals gr\u00fcndlich zu \u00fcberarbeiten, um erstere zur Teilnahme  zu bewegen.<\/span><\/span><\/span><\/span><\/span><\/span><\/span><\/span><\/span><\/span><\/p>\n<p><span><span><span><span><span><span><span><span><span><span>\u201eDie in der  Allianz organisierten 13 B\u00fcrgerinitiativen machen die Teilnahme ihrer gew\u00e4hlten  Vertreter davon abh\u00e4ngig, dass im Forum die Interessen aller betroffenen Gruppen  zur Sprache kommen, einvernehmlich zum Ausgleich gebracht, und die  entsprechenden Empfehlungen umgesetzt werden. Soll das Forum ein Erfolg werden,  m\u00fcsse dies im fortlaufenden Prozess des Dialogforums deutliche Beachtung  finden\u201c, so Ulrike Pennings, Delegierte der Allianz im Dialogforum. Wesentlich  sei f\u00fcr die Allianz ebenso die faire und unabh\u00e4ngige \u00dcberpr\u00fcfung des  Gesamtvorhabens durch externe Fachleute und eine begleitende Kontrolle des  Dialogforum-Prozesses durch unabh\u00e4ngige Beobachter. <\/span><\/span><\/span><\/span><\/span><\/span><\/span><\/span><\/span><\/span><\/p>\n","protected":false},"excerpt":{"rendered":"<p>Fehmarn \/ Bad Schwartau: Die Teilnaheme von Minister de Jager als Vertreter des Wirtschaftsministeriums im Dialogforum empfindet die Allianz gegen<\/p>\n","protected":false},"author":3,"featured_media":0,"comment_status":"open","ping_status":"open","sticky":false,"template":"","format":"standard","meta":{"colormag_page_container_layout":"default_layout","colormag_page_sidebar_layout":"default_layout","footnotes":""},"categories":[5],"tags":[],"class_list":["post-41441","post","type-post","status-publish","format-standard","hentry","category-politik-wirtschaft"],"_links":{"self":[{"href":"https:\/\/hier-luebeck.de\/index.php\/wp-json\/wp\/v2\/posts\/41441","targetHints":{"allow":["GET"]}}],"collection":[{"href":"https:\/\/hier-luebeck.de\/index.php\/wp-json\/wp\/v2\/posts"}],"about":[{"href":"https:\/\/hier-luebeck.de\/index.php\/wp-json\/wp\/v2\/types\/post"}],"author":[{"embeddable":true,"href":"https:\/\/hier-luebeck.de\/index.php\/wp-json\/wp\/v2\/users\/3"}],"replies":[{"embeddable":true,"href":"https:\/\/hier-luebeck.de\/index.php\/wp-json\/wp\/v2\/comments?post=41441"}],"version-history":[{"count":0,"href":"https:\/\/hier-luebeck.de\/index.php\/wp-json\/wp\/v2\/posts\/41441\/revisions"}],"wp:attachment":[{"href":"https:\/\/hier-luebeck.de\/index.php\/wp-json\/wp\/v2\/media?parent=41441"}],"wp:term":[{"taxonomy":"category","embeddable":true,"href":"https:\/\/hier-luebeck.de\/index.php\/wp-json\/wp\/v2\/categories?post=41441"},{"taxonomy":"post_tag","embeddable":true,"href":"https:\/\/hier-luebeck.de\/index.php\/wp-json\/wp\/v2\/tags?post=41441"}],"curies":[{"name":"wp","href":"https:\/\/api.w.org\/{rel}","templated":true}]}}