{"id":41512,"date":"2011-08-31T13:15:10","date_gmt":"2011-08-31T11:15:10","guid":{"rendered":"http:\/\/www.hier-luebeck.de\/?p=41512"},"modified":"2011-09-01T14:10:08","modified_gmt":"2011-09-01T12:10:08","slug":"konzert-100-cellisten-in-hamburg-2011","status":"publish","type":"post","link":"https:\/\/hier-luebeck.de\/index.php\/konzert-100-cellisten-in-hamburg-2011\/","title":{"rendered":"Konzert: 100 Cellisten in Hamburg 2011"},"content":{"rendered":"<p>Konzert in der Laeiszhalle<br \/>\nSolist: <a href=\"http:\/\/www.raphaelwallfisch.com\/\">Raphael Wallfisch<\/a>, London<\/p>\n<p>Musikalische Leitung: <a href=\"http:\/\/www.thomasposth.de\/\">Thomas Posth<\/a><\/p>\n<p>Cellistengruppe des <span style=\"color: #ffaa00;\"><a href=\"http:\/\/www.ndr.de\/orchester_chor\/sinfonieorchester\/\">NDR\u00a0Sinfonieorchesters Hamburg<\/a><\/span>unter der Schirmherrschaft von <a href=\"http:\/\/www.hermannrauhe.de\/\">Prof. Dr. Dr. h.c. Hermann Rauhe<\/a><\/p>\n<p><a href=\"http:\/\/www.100-cellisten-hamburg.com\/tickets.php\">Kartenvorverkauf<\/a> hier!<!--more--><a href=\"http:\/\/www.hier-luebeck.de\/wp-content\/uploads\/2011\/08\/100Cellisten.jpg\"><img loading=\"lazy\" decoding=\"async\" class=\"alignright size-full wp-image-41513\" title=\"100Cellisten\" src=\"http:\/\/www.hier-luebeck.de\/wp-content\/uploads\/2011\/08\/100Cellisten.jpg\" alt=\"\" width=\"420\" height=\"256\" srcset=\"https:\/\/hier-luebeck.de\/wp-content\/uploads\/2011\/08\/100Cellisten.jpg 500w, https:\/\/hier-luebeck.de\/wp-content\/uploads\/2011\/08\/100Cellisten-320x195.jpg 320w, https:\/\/hier-luebeck.de\/wp-content\/uploads\/2011\/08\/100Cellisten-426x259.jpg 426w\" sizes=\"auto, (max-width: 420px) 100vw, 420px\" \/><\/a>Klassische Werke, Lateinamerikanische Musik, Urauff\u00fchrungen von <a href=\"http:\/\/www.lischka-kompositionen.de\/\">Rainer Lischka<\/a> <a href=\"http:\/\/www.schefczyk-worldwi.de\/\">Joschi Schumann<\/a> speziell\u00a0f\u00fcr\u00a0die &#8222;100 Cellisten in Hamburg&#8220;\u00a0komponiert bis hin zu Schlagern wie &#8222;Fluch der Karibik&#8220;, Apokalyptica uvm.<\/p>\n<p><span style=\"font-size: large;\">Die Idee<\/span> ist aus den j\u00e4hrlich stattfindenden Kursen &#8218;Cellotage Hamburg f\u00fcr  Kinder und Jugendliche&#8216; und\u00a0\u00a0 &#8218;Celloklasse Hamburg&#8216; (unterst\u00fctzt vom AMJ  &#8211; Arbeitskreis Musik in der Jugend, Hamburg) hervorgegangen. Die  erfolgreiche Kursserie begeht im Jahr 2011 ihr zehnj\u00e4hriges Jubil\u00e4um,  was allen Anlass zum Feiern gibt. Nach dem Motto: \u201aThe World on a  String\u2019 &#8211; soll in gro\u00dfem Rahmen Cellospielen zelebriert werden,  Meilensteine der Celloliteratur zur Auff\u00fchrung gebracht, mit  international anerkannten Meistern des Cellos zusammen musiziert und  internationale Freundschaften gekn\u00fcpft werden.<\/p>\n<p><span style=\"font-size: large;\">Vorbilder <\/span>gibt  es durchaus f\u00fcr dieses Vorhaben z.B. das weit \u00fcber Deutschlands Grenzen  hinweg bekannte Cellofestival Kronberg, das ehemalige Cellofestival in  Manchester, das Kobe International Cellofestival in Japan sowie das  Kalifornische Cellofest &#8218;New Directions Cello Festival&#8216;. Was in Hamburg  einzigartig ist: Es handelt sich \u00fcberwiegend um nicht-professionelle,  aber umso mehr hochmotivierte, begabte und cellobegeisterte junge  Cellisten (im Alter von 10-20 Jahren).<\/p>\n<p><span style=\"font-size: large;\">Das Highlight-Konzert<\/span> ist f\u00fcr September 2011 im gro\u00dfen Saal der Hamburger Laeiszhalle geplant  (voraussichtlich am 4. September 2011). Vorangehen werden diesem  Ereignis drei intensive Tage Probenarbeit. Diese wird teilweise in  kleineren Formationen stattfinden und nur ausgereifte Werke werden zur  Auff\u00fchrung gebracht &#8211; denn es geht den Veranstaltern um ein hochwertiges  Konzertprogramm. Die Erfahrungen vergangener Jahre beweist, dass dies  in der K\u00fcrze der Zeit realistisch ist (Notenmaterial wird vorab  verschickt, Mehrfachbesetzungen unterst\u00fctzen). Dabei kommt  selbstverst\u00e4ndlich klassische Musik zu Geh\u00f6r, jedoch auch Klassiker der  Celloliteratur bis hin zu ber\u00fchmten Arrangements zeitgen\u00f6ssischer  Literatur (u.a. \u201aApokalyptica\u2019).<\/p>\n<p><span style=\"font-size: large;\">\u00d6ffentlichkeitswirksamkeit <\/span>soll  u.a. durch namhafte Solisten erzielt werden, die nach Hamburg  eingeladen werden, um als Special Guests und besonderer  Programmh\u00f6hepunkt mit den 100 Hamburger Cellisten aufzutreten. Die  Festivalleitung verspricht sich davon multiple Effekte: Nicht nur f\u00fcr  die Teilnehmer w\u00e4re es ein besonderer Anreiz mit gro\u00dfen Meistern zu  musizieren, auch w\u00e4re die \u00d6ffentlichkeitswirksamkeit um einiges erh\u00f6ht,  was sowohl f\u00fcr den Karten(vor)verkauf als auch f\u00fcr potenzielle Sponsoren  interessant sein wird.<\/p>\n<p><span style=\"font-size: large;\">Zielsetzung &#8211;<\/span> Grunds\u00e4tzlich geht es den Veranstaltern darum, einen Meilenstein zu  setzen, der sich von gewohnten Konzertveranstaltungen abhebt. Die 100  jungen Cellisten, die gelungene Verbindung zwischen Profis und  talentiertem Nachwuchs sowie die Internationalit\u00e4t des Events lassen  verschiedene Synergieeffekte vorausahnen, die Unverwechselbarkeit  herstellen werden.<\/p>\n<p><span style=\"font-size: large;\">Inhaltlich<\/span> geht es um au\u00dfergew\u00f6hnliches Lernen &#8211; innerhalb eines Kontexts, der  allen Teilnehmern lebensl\u00e4nglich im Ged\u00e4chtnis bleiben d\u00fcrfte. Erzielt  werden wird u.a. das eigene Instrument neu sch\u00e4tzen- und kennenzulernen,  eine nie dagewesene Formation zu erkunden, Literatur auf andere  klangliche Ebenen zu setzen, au\u00dfergew\u00f6hnliche musikalische Anregungen zu  erhalten, professionelle Arbeitsweisen kennenzulernen,  Cellistengemeinschaft zu erfahren, Konzerte im Kontext Familie erlebbar  zu machen, Musik einem anderen  Publikum nahe zu bringen bzw. das Publikum von morgen zu entwickeln und  Musik von ihrem mancherorts elit\u00e4ren Podest herunterzuholen. Das Cello  mit seinem warmen, kantablen Klang ist sehr vielf\u00e4ltig einsetzbar. Es  bietet Melodie- und Bassfunktion wie kein anderes Instrument.<\/p>\n","protected":false},"excerpt":{"rendered":"<p>Konzert in der Laeiszhalle Solist: Raphael Wallfisch, London Musikalische Leitung: Thomas Posth Cellistengruppe des NDR\u00a0Sinfonieorchesters Hamburgunter der Schirmherrschaft von Prof.<\/p>\n","protected":false},"author":3,"featured_media":0,"comment_status":"open","ping_status":"open","sticky":false,"template":"","format":"standard","meta":{"colormag_page_container_layout":"default_layout","colormag_page_sidebar_layout":"default_layout","footnotes":""},"categories":[20],"tags":[],"class_list":["post-41512","post","type-post","status-publish","format-standard","hentry","category-besondere-neuigkeiten"],"_links":{"self":[{"href":"https:\/\/hier-luebeck.de\/index.php\/wp-json\/wp\/v2\/posts\/41512","targetHints":{"allow":["GET"]}}],"collection":[{"href":"https:\/\/hier-luebeck.de\/index.php\/wp-json\/wp\/v2\/posts"}],"about":[{"href":"https:\/\/hier-luebeck.de\/index.php\/wp-json\/wp\/v2\/types\/post"}],"author":[{"embeddable":true,"href":"https:\/\/hier-luebeck.de\/index.php\/wp-json\/wp\/v2\/users\/3"}],"replies":[{"embeddable":true,"href":"https:\/\/hier-luebeck.de\/index.php\/wp-json\/wp\/v2\/comments?post=41512"}],"version-history":[{"count":0,"href":"https:\/\/hier-luebeck.de\/index.php\/wp-json\/wp\/v2\/posts\/41512\/revisions"}],"wp:attachment":[{"href":"https:\/\/hier-luebeck.de\/index.php\/wp-json\/wp\/v2\/media?parent=41512"}],"wp:term":[{"taxonomy":"category","embeddable":true,"href":"https:\/\/hier-luebeck.de\/index.php\/wp-json\/wp\/v2\/categories?post=41512"},{"taxonomy":"post_tag","embeddable":true,"href":"https:\/\/hier-luebeck.de\/index.php\/wp-json\/wp\/v2\/tags?post=41512"}],"curies":[{"name":"wp","href":"https:\/\/api.w.org\/{rel}","templated":true}]}}