{"id":41515,"date":"2011-08-31T13:19:44","date_gmt":"2011-08-31T11:19:44","guid":{"rendered":"http:\/\/www.hier-luebeck.de\/?p=41515"},"modified":"2011-08-31T13:19:44","modified_gmt":"2011-08-31T11:19:44","slug":"spd-gegen-eine-schliesung-der-lubecker-tafel-in-moisling","status":"publish","type":"post","link":"https:\/\/hier-luebeck.de\/index.php\/spd-gegen-eine-schliesung-der-lubecker-tafel-in-moisling\/","title":{"rendered":"SPD gegen eine Schlie\u00dfung der L\u00fcbecker Tafel in Moisling"},"content":{"rendered":"<p>Der sozialpolitische Sprecher der SPD-B\u00fcrgerschaftsfraktion Lienhard B\u00f6hning zeigt<br \/>\nsich \u00fcberrascht von der angek\u00fcndigten Schlie\u00dfung der L\u00fcbecker Tafel im Stadtteil<br \/>\nMoisling:\u00a0 \u201e Ich bin \u00fcberrascht von der Ank\u00fcndigung der L\u00fcbecker Tafel ihre Ausgabestelle im<br \/>\nStadtteil Moisling, im Haus der Mitte schlie\u00dfen zu wollen. Gerade wurde der SPD-<br \/>\nMoisling eine Liste mit 150 Unterschriften \u00fcbergeben, die sich eindeutig gegen eine<br \/>\nsolche Schlie\u00dfung ausgesprochen haben. <!--more-->Wie den Medien zu entnehmen ist, sollen auch Kostengr\u00fcnde, hier vor allem<br \/>\nMietkosten, f\u00fcr eine Schlie\u00dfung gesprochen haben. Da die Ausgabestelle der<br \/>\nL\u00fcbecker Tafel sich im Haus der Mitte befindet und es sich somit um ein st\u00e4dtisch<br \/>\ngenutztes Geb\u00e4ude handelt, sollte die Verwaltung umgehend handeln. Es darf nicht<br \/>\nsein, dass gerade mal 600- \u20ac Mietkosten pro Jahr entscheidend daf\u00fcr sind, ob die<br \/>\ndort um Hilfe und Unterst\u00fctzung suchenden Menschen, vor Ort etwas zu Essen<br \/>\nbekommen oder nicht.<\/p>\n<p>\u201eDen Vorschlag der Tafel, dass ihre Kunden ab 09.09.11 in der Innenstadt die Tafel<br \/>\nbesuchen m\u00f6gen, ist f\u00fcr die meisten Nutzer, insbesondere auch \u00e4ltere Menschen<br \/>\nwegen der zus\u00e4tzlichen Fahrtkosten und der weiten Wege keine wirkliche<br \/>\nAlternative.<\/p>\n<p>Dass Tafeln notwendig sind, viele Menschen darauf angewiesen sind, ist ein<br \/>\ntrauriger Beleg f\u00fcr die bestehende soziale Schieflage in unserer Gesellschaft.<br \/>\nGerade dieser Stadtteil kann auf ein solches Angebot nicht verzichten. Die<br \/>\nVerwaltung ist aufgefordert zusammen mit der L\u00fcbecker Tafel m\u00f6glichst<br \/>\nunb\u00fcrokratisch eine L\u00f6sung f\u00fcr eine Ausgabestelle f\u00fcr Moisling zu finden. Die Politik<br \/>\nmuss sich ihrer Verantwortung gegen\u00fcber den dort Hilfe suchenden Menschen<br \/>\nstellen\u201c,\u00a0 so B\u00f6hning abschlie\u00dfend.<\/p>\n","protected":false},"excerpt":{"rendered":"<p>Der sozialpolitische Sprecher der SPD-B\u00fcrgerschaftsfraktion Lienhard B\u00f6hning zeigt sich \u00fcberrascht von der angek\u00fcndigten Schlie\u00dfung der L\u00fcbecker Tafel im Stadtteil Moisling:\u00a0<\/p>\n","protected":false},"author":3,"featured_media":0,"comment_status":"open","ping_status":"open","sticky":false,"template":"","format":"standard","meta":{"colormag_page_container_layout":"default_layout","colormag_page_sidebar_layout":"default_layout","footnotes":""},"categories":[14],"tags":[],"class_list":["post-41515","post","type-post","status-publish","format-standard","hentry","category-tipps-informationen"],"_links":{"self":[{"href":"https:\/\/hier-luebeck.de\/index.php\/wp-json\/wp\/v2\/posts\/41515","targetHints":{"allow":["GET"]}}],"collection":[{"href":"https:\/\/hier-luebeck.de\/index.php\/wp-json\/wp\/v2\/posts"}],"about":[{"href":"https:\/\/hier-luebeck.de\/index.php\/wp-json\/wp\/v2\/types\/post"}],"author":[{"embeddable":true,"href":"https:\/\/hier-luebeck.de\/index.php\/wp-json\/wp\/v2\/users\/3"}],"replies":[{"embeddable":true,"href":"https:\/\/hier-luebeck.de\/index.php\/wp-json\/wp\/v2\/comments?post=41515"}],"version-history":[{"count":0,"href":"https:\/\/hier-luebeck.de\/index.php\/wp-json\/wp\/v2\/posts\/41515\/revisions"}],"wp:attachment":[{"href":"https:\/\/hier-luebeck.de\/index.php\/wp-json\/wp\/v2\/media?parent=41515"}],"wp:term":[{"taxonomy":"category","embeddable":true,"href":"https:\/\/hier-luebeck.de\/index.php\/wp-json\/wp\/v2\/categories?post=41515"},{"taxonomy":"post_tag","embeddable":true,"href":"https:\/\/hier-luebeck.de\/index.php\/wp-json\/wp\/v2\/tags?post=41515"}],"curies":[{"name":"wp","href":"https:\/\/api.w.org\/{rel}","templated":true}]}}