{"id":41520,"date":"2011-08-31T14:56:40","date_gmt":"2011-08-31T12:56:40","guid":{"rendered":"http:\/\/www.hier-luebeck.de\/?p=41520"},"modified":"2011-08-31T14:56:40","modified_gmt":"2011-08-31T12:56:40","slug":"korperscanner-im-test-leistungsfahig-aber-noch-nicht-flachendeckend-einsetzbar","status":"publish","type":"post","link":"https:\/\/hier-luebeck.de\/index.php\/korperscanner-im-test-leistungsfahig-aber-noch-nicht-flachendeckend-einsetzbar\/","title":{"rendered":"K\u00f6rperscanner im Test: Leistungsf\u00e4hig, aber noch nicht fl\u00e4chendeckend einsetzbar"},"content":{"rendered":"<p>Am 31. Juli 2011 endete der am 27. September 2010 begonnene und einmalig verl\u00e4ngerte Feldtest von zwei K\u00f6rperscannern am Flughafen Hamburg (vgl. Pressemitteilungen des BMI vom 27. September 2010, 30. M\u00e4rz 2011 und 29. Juli 2011). Rund 809 000 Passagiere haben diese Kontrollmethode freiwillig f\u00fcr die Luftsicherheitskontrollen genutzt. Inzwischen ist die interne Auswertung der zehnmonatigen Testphase abgeschlossen.<!--more--><\/p>\n<p>Bundesinnenminister Dr. Hans-Peter Friedrich hat aufgrund der Testergebnisse entschieden, dass derzeit keine K\u00f6rperscanner an Flugh\u00e4fen eingesetzt werden. &#8222;Die Bundespolizei wird die Entwicklung auf diesem Gebiet weiter eng begleiten, so dass wir hoffentlich bald Ger\u00e4te zur Verf\u00fcgung haben, die sowohl unseren hohen Sicherheitsanspr\u00fcchen gen\u00fcgen als auch dem Passagieraufkommen Rechnung tragen&#8220;, erkl\u00e4rte der Bundesinnenminister.<\/p>\n<p>Die Auswertung der Daten aus dem zehnmonatigen Praxisbetrieb hat ergeben, dass K\u00f6rperscanner grunds\u00e4tzlich geeignet sind, die Effizienz und Effektivit\u00e4t von Luftsicherheitskontrollen zu verbessern. Sie sind eine gute Kontrollmethode, um zuk\u00fcnftig die Sicherheit des zivilen Luftverkehrs noch zu steigern und die Prozesse f\u00fcr den Passagier deutlich z\u00fcgiger und komfortabler zu gestalten.<\/p>\n<p>Jedoch zeigte sich auch, dass die Technologie noch nicht soweit ausgereift ist, dass die zur Verf\u00fcgung stehenden Ger\u00e4te f\u00fcr die Praxis geeignet sind. Unn\u00f6tige Alarme sind in der Regel auf Eigenschaften der Kleidung (wie z.B. Faltenwurf) zur\u00fcckzuf\u00fchren. Auch wenn sich die Nachkontrollen in vielen F\u00e4llen auf die angezeigten Bereiche beschr\u00e4nken lassen, handelt es sich hierbei um insgesamt zu viele F\u00e4lle, die die Kontrollen verl\u00e4ngern.<\/p>\n<p>Daher ist die jetzige Generation der K\u00f6rperscanner &#8211; trotz der hohen Detektionsleistung &#8211; noch nicht f\u00fcr den allgemeinen Praxisbetrieb geeignet.<\/p>\n<p>K\u00f6rperscanner sind derzeit nur im Testverfahren an europ\u00e4ischen Flugh\u00e4fen zugelassen. Die EU-Verordnung, die die Zulassung von K\u00f6rperscannern als regul\u00e4res Kontrollmittel f\u00fcr die Luftsicherheitskontrollen von Passagieren regelt, wird derzeit von der EU-Kommission erarbeitet.<\/p>\n","protected":false},"excerpt":{"rendered":"<p>Am 31. Juli 2011 endete der am 27. September 2010 begonnene und einmalig verl\u00e4ngerte Feldtest von zwei K\u00f6rperscannern am Flughafen<\/p>\n","protected":false},"author":3,"featured_media":0,"comment_status":"open","ping_status":"open","sticky":false,"template":"","format":"standard","meta":{"colormag_page_container_layout":"default_layout","colormag_page_sidebar_layout":"default_layout","footnotes":""},"categories":[5],"tags":[],"class_list":["post-41520","post","type-post","status-publish","format-standard","hentry","category-politik-wirtschaft"],"_links":{"self":[{"href":"https:\/\/hier-luebeck.de\/index.php\/wp-json\/wp\/v2\/posts\/41520","targetHints":{"allow":["GET"]}}],"collection":[{"href":"https:\/\/hier-luebeck.de\/index.php\/wp-json\/wp\/v2\/posts"}],"about":[{"href":"https:\/\/hier-luebeck.de\/index.php\/wp-json\/wp\/v2\/types\/post"}],"author":[{"embeddable":true,"href":"https:\/\/hier-luebeck.de\/index.php\/wp-json\/wp\/v2\/users\/3"}],"replies":[{"embeddable":true,"href":"https:\/\/hier-luebeck.de\/index.php\/wp-json\/wp\/v2\/comments?post=41520"}],"version-history":[{"count":0,"href":"https:\/\/hier-luebeck.de\/index.php\/wp-json\/wp\/v2\/posts\/41520\/revisions"}],"wp:attachment":[{"href":"https:\/\/hier-luebeck.de\/index.php\/wp-json\/wp\/v2\/media?parent=41520"}],"wp:term":[{"taxonomy":"category","embeddable":true,"href":"https:\/\/hier-luebeck.de\/index.php\/wp-json\/wp\/v2\/categories?post=41520"},{"taxonomy":"post_tag","embeddable":true,"href":"https:\/\/hier-luebeck.de\/index.php\/wp-json\/wp\/v2\/tags?post=41520"}],"curies":[{"name":"wp","href":"https:\/\/api.w.org\/{rel}","templated":true}]}}