{"id":41522,"date":"2011-08-31T15:02:01","date_gmt":"2011-08-31T13:02:01","guid":{"rendered":"http:\/\/www.hier-luebeck.de\/?p=41522"},"modified":"2011-08-31T15:02:02","modified_gmt":"2011-08-31T13:02:02","slug":"bundnisse","status":"publish","type":"post","link":"https:\/\/hier-luebeck.de\/index.php\/bundnisse\/","title":{"rendered":"B\u00fcndnisse"},"content":{"rendered":"<p><a rel=\"attachment wp-att-16138\" href=\"http:\/\/www.hier-luebeck.de\/2010\/10\/hanse-trifft-humboldt\/fdp_logo-2\/\"><img loading=\"lazy\" decoding=\"async\" class=\"alignleft size-full wp-image-16138\" title=\"FDP_Logo\" src=\"http:\/\/www.hier-luebeck.de\/wp-content\/uploads\/2010\/05\/FDP_Logo.gif\" alt=\"\" width=\"120\" height=\"110\" \/><\/a>Abermals bietet das Agieren des rot-rot-gr\u00fcnen B\u00fcndnisses uns gen\u00fcgend Stoff f\u00fcr diesen Artikel! So haben sowohl die Fraktion Die Linke als auch Die Gr\u00fcnen sich j\u00fcngst gegen das Waterfront &#8211; Projekt und auch gegen die Weiterentwicklung des Gr\u00fcnstrandes ausgesprochen. Und das, obwohl im Koalitionspapier von einer gemeinsamen Entscheidung die Rede war. \u201eAber was schert mich mein Geschw\u00e4tz von gestern?\u201c  Ist dieses nun eine Art Findungsphase der beiden Fraktionen auf Ihre Grund- und Leits\u00e4tze oder der besiegelte Einstieg zum Ausstieg aus dem B\u00fcndnis?<!--more--> Aus Sicht der SPD kann das nicht zufriedenstellend sein. Als st\u00e4rkste Fraktion in der B\u00fcrgerschaft wird sie mehr vorgef\u00fchrt, als dass sie selbst F\u00fchrung \u00fcbernimmt.  Wenn ein selbsternanntes \u201eZukunftsb\u00fcndnis\u201c kaum ein halbes Jahr h\u00e4lt, so ist die L\u00fcbecker Zukunft schnell verspielt. An beiden o.g. Projekten h\u00e4ngen Arbeitspl\u00e4tze und Steuereinnahmen! Uns ist unbegreiflich, wie man sich dagegen aussprechen kann, zu einem Zeitpunkt, an dem man immer noch nicht in der Detailplanung ist. Schade, denn es gilt nach wie vor, die Themen konsequent anzugehen: Ob die Ausweisung von Wohngebieten, die Haushaltslage, die Wirtschaftsentwicklung, Verkehrs- und Bauprojekte oder einfache Personalangelegenheiten. Es gibt gen\u00fcgend<br \/>\nBet\u00e4tigungsfelder, auch und gerade f\u00fcr den amtierenden Verwaltungschef. Wenn aber das vermeintliche Zukunftsb\u00fcndnis, sowie auch die Verwaltungsspitze die Themen aussitzen m\u00f6chte und nur reagiert statt zu  gestalteten, dann sind die Jahre zwischen zwei Wahlen schlecht genutzt.<\/p>\n<p>Autor: Thomas Rathcke<\/p>\n","protected":false},"excerpt":{"rendered":"<p>Abermals bietet das Agieren des rot-rot-gr\u00fcnen B\u00fcndnisses uns gen\u00fcgend Stoff f\u00fcr diesen Artikel! So haben sowohl die Fraktion Die Linke<\/p>\n","protected":false},"author":3,"featured_media":0,"comment_status":"open","ping_status":"open","sticky":false,"template":"","format":"standard","meta":{"colormag_page_container_layout":"default_layout","colormag_page_sidebar_layout":"default_layout","footnotes":""},"categories":[5],"tags":[],"class_list":["post-41522","post","type-post","status-publish","format-standard","hentry","category-politik-wirtschaft"],"_links":{"self":[{"href":"https:\/\/hier-luebeck.de\/index.php\/wp-json\/wp\/v2\/posts\/41522","targetHints":{"allow":["GET"]}}],"collection":[{"href":"https:\/\/hier-luebeck.de\/index.php\/wp-json\/wp\/v2\/posts"}],"about":[{"href":"https:\/\/hier-luebeck.de\/index.php\/wp-json\/wp\/v2\/types\/post"}],"author":[{"embeddable":true,"href":"https:\/\/hier-luebeck.de\/index.php\/wp-json\/wp\/v2\/users\/3"}],"replies":[{"embeddable":true,"href":"https:\/\/hier-luebeck.de\/index.php\/wp-json\/wp\/v2\/comments?post=41522"}],"version-history":[{"count":0,"href":"https:\/\/hier-luebeck.de\/index.php\/wp-json\/wp\/v2\/posts\/41522\/revisions"}],"wp:attachment":[{"href":"https:\/\/hier-luebeck.de\/index.php\/wp-json\/wp\/v2\/media?parent=41522"}],"wp:term":[{"taxonomy":"category","embeddable":true,"href":"https:\/\/hier-luebeck.de\/index.php\/wp-json\/wp\/v2\/categories?post=41522"},{"taxonomy":"post_tag","embeddable":true,"href":"https:\/\/hier-luebeck.de\/index.php\/wp-json\/wp\/v2\/tags?post=41522"}],"curies":[{"name":"wp","href":"https:\/\/api.w.org\/{rel}","templated":true}]}}