{"id":41553,"date":"2011-08-31T10:47:18","date_gmt":"2011-08-31T10:47:18","guid":{"rendered":"http:\/\/www.hier-luebeck.de\/2011\/08\/bka-bundeskriminalamt-veroffentlicht-bundeslagebildwirtschaftskriminalitat-2010-einladung-zur-pressekonferenz\/"},"modified":"2011-08-31T10:47:18","modified_gmt":"2011-08-31T10:47:18","slug":"bka-bundeskriminalamt-veroffentlicht-bundeslagebildwirtschaftskriminalitat-2010-einladung-zur-pressekonferenz","status":"publish","type":"post","link":"https:\/\/hier-luebeck.de\/index.php\/bka-bundeskriminalamt-veroffentlicht-bundeslagebildwirtschaftskriminalitat-2010-einladung-zur-pressekonferenz\/","title":{"rendered":"BKA: Bundeskriminalamt ver\u00f6ffentlicht Bundeslagebild\nWirtschaftskriminalit\u00e4t 2010\n&#8211; Einladung zur Pressekonferenz &#8211;"},"content":{"rendered":"<p>Wiesbaden (ots) &#8211; Termin: Mittwoch, 07. September 2011, Zeit:  13:00 &#8211; 14:00 Uhr, Zutritt ab 12:00 Uhr, Ort: Bundesministerium des  Innern,\t-Besucherzentrum-,Alt-Moabit 101 D, 10559 Berlin,  Akkreditierungsfrist: Dienstag, 06. September 2011, 12:00 Uhr     Am 07. September wird BKA-Pr\u00e4sident J\u00f6rg Ziercke im Rahmen einer  Pressekonferenz die aktuellen Entwicklungen im Ph\u00e4nomenbereich der <!--more--> Wirtschaftskriminalit\u00e4t vorstellen. In seinen Ausf\u00fchrungen wird  BKA-Pr\u00e4sident Ziercke zu den Fallzahlen und Schadenssummen im Bereich der Wirtschaftskriminalit\u00e4t, aber auch zu den Entwicklungen in den  Ph\u00e4nomenbereichen Anlage- und Finanzierungsdelikte, Betrugs- und  Untreuehandlungen, Wettbewerbsdelikte etc. berichten.     Dar\u00fcber hinaus wird thematisiert, inwieweit das Internet bei der  Wirtschaftskriminalit\u00e4t eine herausragende Rolle spielt. Schlie\u00dflich  wird BKA-Pr\u00e4sident Ziercke zu den Verbindungen der  Wirtschaftskriminalit\u00e4t mit der Organisierten Kriminalit\u00e4t in  Deutschland sprechen.     Anmeldungen zur Veranstaltung nimmt die BKA-Pressestelle bis  Dienstag, 06.09.2011, 12:00 Uhr, unter der E-Mail Adresse:  pressestelle@bka.bund.de entgegen.     <\/p>\n<p>Quelle: <a href=\"http:\/\/www.presseportal.de\/polizeipresse\/pm\/7\/2104138\/bka-bundeskriminalamt-veroeffentlicht-bundeslagebild-wirtschaftskriminalitaet-2010-einladung-zur\/api\" target=\"_blank\">presseportal.de<\/a><\/p>\n","protected":false},"excerpt":{"rendered":"<p>Wiesbaden (ots) &#8211; Termin: Mittwoch, 07. September 2011, Zeit: 13:00 &#8211; 14:00 Uhr, Zutritt ab 12:00 Uhr, Ort: Bundesministerium des<\/p>\n","protected":false},"author":3,"featured_media":0,"comment_status":"open","ping_status":"open","sticky":false,"template":"","format":"standard","meta":{"colormag_page_container_layout":"default_layout","colormag_page_sidebar_layout":"default_layout","footnotes":""},"categories":[20],"tags":[],"class_list":["post-41553","post","type-post","status-publish","format-standard","hentry","category-besondere-neuigkeiten"],"_links":{"self":[{"href":"https:\/\/hier-luebeck.de\/index.php\/wp-json\/wp\/v2\/posts\/41553","targetHints":{"allow":["GET"]}}],"collection":[{"href":"https:\/\/hier-luebeck.de\/index.php\/wp-json\/wp\/v2\/posts"}],"about":[{"href":"https:\/\/hier-luebeck.de\/index.php\/wp-json\/wp\/v2\/types\/post"}],"author":[{"embeddable":true,"href":"https:\/\/hier-luebeck.de\/index.php\/wp-json\/wp\/v2\/users\/3"}],"replies":[{"embeddable":true,"href":"https:\/\/hier-luebeck.de\/index.php\/wp-json\/wp\/v2\/comments?post=41553"}],"version-history":[{"count":0,"href":"https:\/\/hier-luebeck.de\/index.php\/wp-json\/wp\/v2\/posts\/41553\/revisions"}],"wp:attachment":[{"href":"https:\/\/hier-luebeck.de\/index.php\/wp-json\/wp\/v2\/media?parent=41553"}],"wp:term":[{"taxonomy":"category","embeddable":true,"href":"https:\/\/hier-luebeck.de\/index.php\/wp-json\/wp\/v2\/categories?post=41553"},{"taxonomy":"post_tag","embeddable":true,"href":"https:\/\/hier-luebeck.de\/index.php\/wp-json\/wp\/v2\/tags?post=41553"}],"curies":[{"name":"wp","href":"https:\/\/api.w.org\/{rel}","templated":true}]}}