{"id":41571,"date":"2011-08-31T10:47:32","date_gmt":"2011-08-31T10:47:32","guid":{"rendered":"http:\/\/www.hier-luebeck.de\/2011\/08\/pol-se-henstedt-ulzburg-alkoholisierter-fahrer-geriet-auf-die-gegenfahrbahn-und-verursachte-einen-schweren-verkehrsunfall\/"},"modified":"2011-08-31T10:47:32","modified_gmt":"2011-08-31T10:47:32","slug":"pol-se-henstedt-ulzburg-alkoholisierter-fahrer-geriet-auf-die-gegenfahrbahn-und-verursachte-einen-schweren-verkehrsunfall","status":"publish","type":"post","link":"https:\/\/hier-luebeck.de\/index.php\/pol-se-henstedt-ulzburg-alkoholisierter-fahrer-geriet-auf-die-gegenfahrbahn-und-verursachte-einen-schweren-verkehrsunfall\/","title":{"rendered":"POL-SE: Henstedt-Ulzburg &#8211; Alkoholisierter Fahrer geriet auf die Gegenfahrbahn und verursachte einen schweren Verkehrsunfall"},"content":{"rendered":"<p>Henstedt-Ulzburg (ots) &#8211; Gestern Abend, gegen 22.35 Uhr, befuhr  ein 44 Jahre alter Mann aus Henstedt-Ulzburg, in einem VW Golf, die  Norderstedter Stra\u00dfe, in Richtung Henstedt-Rhen. Zur gleichen Zeit  befuhr eine 63 Jahre alte Frau aus Struvenh\u00fctten, in einem Seat,  ebenfalls die Norderstedter Stra\u00dfe, in die entgegen gesetzte  Richtung.<!--more--> Am Kurvenanfang einer dortigen Rechtskurve gelangte der  44j\u00e4hrige mit seinem PKW mit \u00fcberh\u00f6hter Geschwindigkeit auf den  Fahrstreifen der Gegenrichtung. Hier stie\u00df der VW Golf  frontal-seitlich gegen den Seat der 63j\u00e4hrigen. Der Seat drehte sich  durch den Aufprall vollst\u00e4ndig in die gegenl\u00e4ufige Richtung und kam  quer auf der Fahrbahn zum Stehen. Der VW Golf kam nach dem  Zusammensto\u00df nach links von der Fahrbahn ab, \u00fcberfuhr auf dem  Gr\u00fcnstreifen eine Kurvenwarntafel, drehte sich auf dem Geh-\/und  Radweg und prallte dann mit der Beifahrerseite gegen ein  Transformatorenh\u00e4uschen. Die 63j\u00e4hrige wurde bei dem Unfall schwer  aber nicht lebensgef\u00e4hrlich verletzt und in die Paracelsusklinik  eingeliefert. Der 44j\u00e4hrige wurde mit schweren Verletzungen in das  Klinikum Nord nach Hamburg verbracht. Bei der Unfallaufnahme konnten  die Beamten Atemalkoholgeruch bei dem VW Fahrer feststellen. Da  aufgrund seiner Verletzungen kein freiwilliger Test m\u00f6glich war,  wurde ihm im Krankenhaus eine Blutprobe entnommen. Zur Kl\u00e4rung der  genauen Unfallursache wurde ein Sachverst\u00e4ndiger von der DEKRA  hinzugezogen. An den Fahrzeugen entstand ein gesch\u00e4tzter  Gesamtschaden von 30.000 Euro.   ots Originaltext: Polizeidirektion Bad Segeberg Digitale Pressemappe: http:\/\/www.polizeipresse.de\/p_story.htx?firmaid=19027  <\/p>\n<p>Quelle: <a href=\"http:\/\/www.presseportal.de\/polizeipresse\/pm\/19027\/2104141\/pol-se-henstedt-ulzburg-alkoholisierter-fahrer-geriet-auf-die-gegenfahrbahn-und-verursachte-einen\/api\" target=\"_blank\">presseportal.de<\/a><\/p>\n","protected":false},"excerpt":{"rendered":"<p>Henstedt-Ulzburg (ots) &#8211; Gestern Abend, gegen 22.35 Uhr, befuhr ein 44 Jahre alter Mann aus Henstedt-Ulzburg, in einem VW Golf,<\/p>\n","protected":false},"author":3,"featured_media":0,"comment_status":"open","ping_status":"open","sticky":false,"template":"","format":"standard","meta":{"colormag_page_container_layout":"default_layout","colormag_page_sidebar_layout":"default_layout","footnotes":""},"categories":[20],"tags":[],"class_list":["post-41571","post","type-post","status-publish","format-standard","hentry","category-besondere-neuigkeiten"],"_links":{"self":[{"href":"https:\/\/hier-luebeck.de\/index.php\/wp-json\/wp\/v2\/posts\/41571","targetHints":{"allow":["GET"]}}],"collection":[{"href":"https:\/\/hier-luebeck.de\/index.php\/wp-json\/wp\/v2\/posts"}],"about":[{"href":"https:\/\/hier-luebeck.de\/index.php\/wp-json\/wp\/v2\/types\/post"}],"author":[{"embeddable":true,"href":"https:\/\/hier-luebeck.de\/index.php\/wp-json\/wp\/v2\/users\/3"}],"replies":[{"embeddable":true,"href":"https:\/\/hier-luebeck.de\/index.php\/wp-json\/wp\/v2\/comments?post=41571"}],"version-history":[{"count":0,"href":"https:\/\/hier-luebeck.de\/index.php\/wp-json\/wp\/v2\/posts\/41571\/revisions"}],"wp:attachment":[{"href":"https:\/\/hier-luebeck.de\/index.php\/wp-json\/wp\/v2\/media?parent=41571"}],"wp:term":[{"taxonomy":"category","embeddable":true,"href":"https:\/\/hier-luebeck.de\/index.php\/wp-json\/wp\/v2\/categories?post=41571"},{"taxonomy":"post_tag","embeddable":true,"href":"https:\/\/hier-luebeck.de\/index.php\/wp-json\/wp\/v2\/tags?post=41571"}],"curies":[{"name":"wp","href":"https:\/\/api.w.org\/{rel}","templated":true}]}}