{"id":41689,"date":"2011-09-02T13:31:19","date_gmt":"2011-09-02T11:31:19","guid":{"rendered":"http:\/\/www.hier-luebeck.de\/?p=41689"},"modified":"2011-09-02T13:31:19","modified_gmt":"2011-09-02T11:31:19","slug":"museums-stammtisch-maria-magdalena-in-bibel-und-legende","status":"publish","type":"post","link":"https:\/\/hier-luebeck.de\/index.php\/museums-stammtisch-maria-magdalena-in-bibel-und-legende\/","title":{"rendered":"Museums-Stammtisch: Maria Magdalena in Bibel und Legende"},"content":{"rendered":"<p>F\u00fchrung durchs St. Annen-Museum am kommenden Mittwoch, 7. September 2011<\/p>\n<p>Der n\u00e4chste Museums-Stammtisch am Mittwoch, 7. September, um 15 Uhr im St. Annen-Museum tr\u00e4gt den Titel \u201eMaria Magdalena in Bibel und Legende\u201c. Christa Hartmann wird das Thema bei einer F\u00fchrung durch das Haus beleuchten und m\u00f6chte sich anschlie\u00dfend mit den Besuchern dar\u00fcber austauschen. Der Eintritt kostet 7 Euro, mit dem Senioren-Freizeit-Pass 4,50 Euro.<\/p>\n","protected":false},"excerpt":{"rendered":"<p>F\u00fchrung durchs St. Annen-Museum am kommenden Mittwoch, 7. September 2011 Der n\u00e4chste Museums-Stammtisch am Mittwoch, 7. September, um 15 Uhr<\/p>\n","protected":false},"author":3,"featured_media":0,"comment_status":"open","ping_status":"open","sticky":false,"template":"","format":"standard","meta":{"colormag_page_container_layout":"default_layout","colormag_page_sidebar_layout":"default_layout","footnotes":""},"categories":[13],"tags":[],"class_list":["post-41689","post","type-post","status-publish","format-standard","hentry","category-veranstaltungen"],"_links":{"self":[{"href":"https:\/\/hier-luebeck.de\/index.php\/wp-json\/wp\/v2\/posts\/41689","targetHints":{"allow":["GET"]}}],"collection":[{"href":"https:\/\/hier-luebeck.de\/index.php\/wp-json\/wp\/v2\/posts"}],"about":[{"href":"https:\/\/hier-luebeck.de\/index.php\/wp-json\/wp\/v2\/types\/post"}],"author":[{"embeddable":true,"href":"https:\/\/hier-luebeck.de\/index.php\/wp-json\/wp\/v2\/users\/3"}],"replies":[{"embeddable":true,"href":"https:\/\/hier-luebeck.de\/index.php\/wp-json\/wp\/v2\/comments?post=41689"}],"version-history":[{"count":0,"href":"https:\/\/hier-luebeck.de\/index.php\/wp-json\/wp\/v2\/posts\/41689\/revisions"}],"wp:attachment":[{"href":"https:\/\/hier-luebeck.de\/index.php\/wp-json\/wp\/v2\/media?parent=41689"}],"wp:term":[{"taxonomy":"category","embeddable":true,"href":"https:\/\/hier-luebeck.de\/index.php\/wp-json\/wp\/v2\/categories?post=41689"},{"taxonomy":"post_tag","embeddable":true,"href":"https:\/\/hier-luebeck.de\/index.php\/wp-json\/wp\/v2\/tags?post=41689"}],"curies":[{"name":"wp","href":"https:\/\/api.w.org\/{rel}","templated":true}]}}