{"id":41925,"date":"2011-09-05T16:24:52","date_gmt":"2011-09-05T16:24:52","guid":{"rendered":"http:\/\/www.hier-luebeck.de\/2011\/09\/pol-rz-herzogtum-lauenburg-geesthachtberichtigung-zu-auftrag-1266447-vom-05-09-2011-15-49-uhr\/"},"modified":"2011-09-05T16:24:52","modified_gmt":"2011-09-05T16:24:52","slug":"pol-rz-herzogtum-lauenburg-geesthachtberichtigung-zu-auftrag-1266447-vom-05-09-2011-15-49-uhr","status":"publish","type":"post","link":"https:\/\/hier-luebeck.de\/index.php\/pol-rz-herzogtum-lauenburg-geesthachtberichtigung-zu-auftrag-1266447-vom-05-09-2011-15-49-uhr\/","title":{"rendered":"POL-RZ: Herzogtum-Lauenburg &#8211; Geesthacht\nBerichtigung zu Auftrag 1266447, vom 05.09.2011, 15.49 Uhr"},"content":{"rendered":"<p>Ratzeburg (ots) &#8211; Die Vorf\u00fchrung erfolgte beim Amtsgericht in  L\u00fcbeck. Nach der Verk\u00fcndung des Haftbefehls wurde der 19-j\u00e4hrige  Geestachter in die Jugend-Justizvollzugsanstalt nach Schleswig  gebracht.     <\/p>\n<p>Quelle: <a href=\"http:\/\/www.presseportal.de\/polizeipresse\/pm\/43735\/2107148\/pol-rz-herzogtum-lauenburg-geesthacht-berichtigung-zu-auftrag-1266447-vom-05-09-2011-15-49-uhr\/api\" target=\"_blank\">presseportal.de<\/a><\/p>\n","protected":false},"excerpt":{"rendered":"<p>Ratzeburg (ots) &#8211; Die Vorf\u00fchrung erfolgte beim Amtsgericht in L\u00fcbeck. Nach der Verk\u00fcndung des Haftbefehls wurde der 19-j\u00e4hrige Geestachter in<\/p>\n","protected":false},"author":3,"featured_media":0,"comment_status":"open","ping_status":"open","sticky":false,"template":"","format":"standard","meta":{"colormag_page_container_layout":"default_layout","colormag_page_sidebar_layout":"default_layout","footnotes":""},"categories":[20],"tags":[],"class_list":["post-41925","post","type-post","status-publish","format-standard","hentry","category-besondere-neuigkeiten"],"_links":{"self":[{"href":"https:\/\/hier-luebeck.de\/index.php\/wp-json\/wp\/v2\/posts\/41925","targetHints":{"allow":["GET"]}}],"collection":[{"href":"https:\/\/hier-luebeck.de\/index.php\/wp-json\/wp\/v2\/posts"}],"about":[{"href":"https:\/\/hier-luebeck.de\/index.php\/wp-json\/wp\/v2\/types\/post"}],"author":[{"embeddable":true,"href":"https:\/\/hier-luebeck.de\/index.php\/wp-json\/wp\/v2\/users\/3"}],"replies":[{"embeddable":true,"href":"https:\/\/hier-luebeck.de\/index.php\/wp-json\/wp\/v2\/comments?post=41925"}],"version-history":[{"count":0,"href":"https:\/\/hier-luebeck.de\/index.php\/wp-json\/wp\/v2\/posts\/41925\/revisions"}],"wp:attachment":[{"href":"https:\/\/hier-luebeck.de\/index.php\/wp-json\/wp\/v2\/media?parent=41925"}],"wp:term":[{"taxonomy":"category","embeddable":true,"href":"https:\/\/hier-luebeck.de\/index.php\/wp-json\/wp\/v2\/categories?post=41925"},{"taxonomy":"post_tag","embeddable":true,"href":"https:\/\/hier-luebeck.de\/index.php\/wp-json\/wp\/v2\/tags?post=41925"}],"curies":[{"name":"wp","href":"https:\/\/api.w.org\/{rel}","templated":true}]}}