{"id":41930,"date":"2011-09-05T16:04:06","date_gmt":"2011-09-05T16:04:06","guid":{"rendered":"http:\/\/www.hier-luebeck.de\/2011\/09\/pol-se-elmshorn-27-jahriger-elmshorner-hatte-mit-168-promille-probleme-beim-einparken\/"},"modified":"2011-09-05T16:04:06","modified_gmt":"2011-09-05T16:04:06","slug":"pol-se-elmshorn-27-jahriger-elmshorner-hatte-mit-168-promille-probleme-beim-einparken","status":"publish","type":"post","link":"https:\/\/hier-luebeck.de\/index.php\/pol-se-elmshorn-27-jahriger-elmshorner-hatte-mit-168-promille-probleme-beim-einparken\/","title":{"rendered":"POL-SE: Elmshorn: 27-j\u00e4hriger Elmshorner hatte mit 1,68 Promille Probleme beim Einparken"},"content":{"rendered":"<p>Elmshorn: (ots) &#8211; Die Polizei Elmshorn hat am Sonntagabend im  M\u00fchlenkamp einen betrunkenen 27-j\u00e4hrigen Autofahrer festgestellt. Der Elmshorner hatte zuvor offenbar Probleme beim Einparken.     Als die Polizei gegen 23.45 Uhr den Atemalkoholtest bei dem  Elmshorner durchf\u00fchrte, lieferte dieser auch gleich die Erkl\u00e4rung f\u00fcr den st\u00fcmperhaften Einparkversuch, der von Zeugen beobachtet wurde.<!--more-->  Der 27-J\u00e4hrige hatte einen Atemalkoholtest von 1,68 Promille. Die  darauf folgende Blutprobe auf der Wache wird nun auch im Hinblick auf etwaigen Drogenkonsum untersucht. Die Beamten hatten Auff\u00e4lligkeiten  bei der Reaktion der Pupillen bei dem Beschuldigten festgestellt.     Einen F\u00fchrerschein hat der Beschuldigte nach eigenen Angaben nicht mehr. Der Elmshorner ist der Polizei bereits wegen Verst\u00f6\u00dfen gegen  das Bet\u00e4ubungsmittelgesetz bekannt.   ots Originaltext: Polizeidirektion Bad Segeberg Digitale Pressemappe: http:\/\/www.polizeipresse.de\/p_story.htx?firmaid=19027  <\/p>\n<p>Quelle: <a href=\"http:\/\/www.presseportal.de\/polizeipresse\/pm\/19027\/2107126\/pol-se-elmshorn-27-jaehriger-elmshorner-hatte-mit-1-68-promille-probleme-beim-einparken\/api\" target=\"_blank\">presseportal.de<\/a><\/p>\n","protected":false},"excerpt":{"rendered":"<p>Elmshorn: (ots) &#8211; Die Polizei Elmshorn hat am Sonntagabend im M\u00fchlenkamp einen betrunkenen 27-j\u00e4hrigen Autofahrer festgestellt. Der Elmshorner hatte zuvor<\/p>\n","protected":false},"author":3,"featured_media":0,"comment_status":"open","ping_status":"open","sticky":false,"template":"","format":"standard","meta":{"colormag_page_container_layout":"default_layout","colormag_page_sidebar_layout":"default_layout","footnotes":""},"categories":[20],"tags":[],"class_list":["post-41930","post","type-post","status-publish","format-standard","hentry","category-besondere-neuigkeiten"],"_links":{"self":[{"href":"https:\/\/hier-luebeck.de\/index.php\/wp-json\/wp\/v2\/posts\/41930","targetHints":{"allow":["GET"]}}],"collection":[{"href":"https:\/\/hier-luebeck.de\/index.php\/wp-json\/wp\/v2\/posts"}],"about":[{"href":"https:\/\/hier-luebeck.de\/index.php\/wp-json\/wp\/v2\/types\/post"}],"author":[{"embeddable":true,"href":"https:\/\/hier-luebeck.de\/index.php\/wp-json\/wp\/v2\/users\/3"}],"replies":[{"embeddable":true,"href":"https:\/\/hier-luebeck.de\/index.php\/wp-json\/wp\/v2\/comments?post=41930"}],"version-history":[{"count":0,"href":"https:\/\/hier-luebeck.de\/index.php\/wp-json\/wp\/v2\/posts\/41930\/revisions"}],"wp:attachment":[{"href":"https:\/\/hier-luebeck.de\/index.php\/wp-json\/wp\/v2\/media?parent=41930"}],"wp:term":[{"taxonomy":"category","embeddable":true,"href":"https:\/\/hier-luebeck.de\/index.php\/wp-json\/wp\/v2\/categories?post=41930"},{"taxonomy":"post_tag","embeddable":true,"href":"https:\/\/hier-luebeck.de\/index.php\/wp-json\/wp\/v2\/tags?post=41930"}],"curies":[{"name":"wp","href":"https:\/\/api.w.org\/{rel}","templated":true}]}}