{"id":41931,"date":"2011-09-05T15:21:10","date_gmt":"2011-09-05T15:21:10","guid":{"rendered":"http:\/\/www.hier-luebeck.de\/2011\/09\/pol-se-elmshorn-11-jahrige-traurig-unbekannter-dieb-klaut-in-der-nacht-zu-sonntag-ihr-fahrrad\/"},"modified":"2011-09-05T15:21:10","modified_gmt":"2011-09-05T15:21:10","slug":"pol-se-elmshorn-11-jahrige-traurig-unbekannter-dieb-klaut-in-der-nacht-zu-sonntag-ihr-fahrrad","status":"publish","type":"post","link":"https:\/\/hier-luebeck.de\/index.php\/pol-se-elmshorn-11-jahrige-traurig-unbekannter-dieb-klaut-in-der-nacht-zu-sonntag-ihr-fahrrad\/","title":{"rendered":"POL-SE: Elmshorn: 11-J\u00e4hrige traurig &#8211;  Unbekannter Dieb klaut in der Nacht zu Sonntag ihr Fahrrad"},"content":{"rendered":"<p>Elmshorn: (ots) &#8211; Ein bislang unbekannter Dieb hat einer  11-j\u00e4hrigen Elmshornerin ihr Kinderfahrrad gestohlen.     Die 11-J\u00e4hrige hatte ihr silbern-dunkelrotes Hanseatic Rad fest am Fahrradst\u00e4nder angeschlossen und das direkt vor ihrer Haust\u00fcr im  Philosophenweg. Am Sonntagmorgen hatte eine Nachbarin der Sch\u00fclerin  Bescheid gesagt.<!--more--> Diese musste dann entt\u00e4uscht feststellen, dass der  Verdacht der Nachbarin sich bewahrheitete. Nur noch das zerst\u00f6rte  Schloss war am Tatort zur\u00fcckgelassen worden.     Die Familie der 11-J\u00e4hrigen setzte daraufhin gleich alle Hebel in  Bewegung und suchte zun\u00e4chst gro\u00dfr\u00e4umig die ganze Gegend ab. Leider  ohne Erfolg, so dass der Weg zur Polizeiwache in der Moltkestra\u00dfe am  Sonntagnachmittag nicht erspart blieb.     Nur zu gern w\u00fcrde die 11-J\u00e4hrige ihr Fahrrad zur\u00fcckbekommen. Erst  wenn eine gewisse Zeit verstrichen ist, w\u00fcrde man der Tochter ein  neues Fahrrad kaufen k\u00f6nnen. Schlie\u00dflich seien gute Kinderfahrr\u00e4der  ja nicht ganz billig, so die 35-J\u00e4hrige Mutter gegen\u00fcber der Polizei. Noch w\u00fcrden sie alle die Hoffnung nicht aufgeben. Vielleicht kann  jemand Hinweise geben, wo das 24-Zoll Fahrrad mit  3-Gang-Nabenschaltung abgeblieben ist. Schlie\u00dflich braucht ihre  Tochter das Rad t\u00e4glich, so ihre Mutter. Hinweise an die Polizei  unter Tel. 04121- 803-0.   ots Originaltext: Polizeidirektion Bad Segeberg Digitale Pressemappe: http:\/\/www.polizeipresse.de\/p_story.htx?firmaid=19027  <\/p>\n<p>Quelle: <a href=\"http:\/\/www.presseportal.de\/polizeipresse\/pm\/19027\/2107073\/pol-se-elmshorn-11-jaehrige-traurig-unbekannter-dieb-klaut-in-der-nacht-zu-sonntag-ihr-fahrrad\/api\" target=\"_blank\">presseportal.de<\/a><\/p>\n","protected":false},"excerpt":{"rendered":"<p>Elmshorn: (ots) &#8211; Ein bislang unbekannter Dieb hat einer 11-j\u00e4hrigen Elmshornerin ihr Kinderfahrrad gestohlen. Die 11-J\u00e4hrige hatte ihr silbern-dunkelrotes Hanseatic<\/p>\n","protected":false},"author":3,"featured_media":0,"comment_status":"open","ping_status":"open","sticky":false,"template":"","format":"standard","meta":{"colormag_page_container_layout":"default_layout","colormag_page_sidebar_layout":"default_layout","footnotes":""},"categories":[20],"tags":[],"class_list":["post-41931","post","type-post","status-publish","format-standard","hentry","category-besondere-neuigkeiten"],"_links":{"self":[{"href":"https:\/\/hier-luebeck.de\/index.php\/wp-json\/wp\/v2\/posts\/41931","targetHints":{"allow":["GET"]}}],"collection":[{"href":"https:\/\/hier-luebeck.de\/index.php\/wp-json\/wp\/v2\/posts"}],"about":[{"href":"https:\/\/hier-luebeck.de\/index.php\/wp-json\/wp\/v2\/types\/post"}],"author":[{"embeddable":true,"href":"https:\/\/hier-luebeck.de\/index.php\/wp-json\/wp\/v2\/users\/3"}],"replies":[{"embeddable":true,"href":"https:\/\/hier-luebeck.de\/index.php\/wp-json\/wp\/v2\/comments?post=41931"}],"version-history":[{"count":0,"href":"https:\/\/hier-luebeck.de\/index.php\/wp-json\/wp\/v2\/posts\/41931\/revisions"}],"wp:attachment":[{"href":"https:\/\/hier-luebeck.de\/index.php\/wp-json\/wp\/v2\/media?parent=41931"}],"wp:term":[{"taxonomy":"category","embeddable":true,"href":"https:\/\/hier-luebeck.de\/index.php\/wp-json\/wp\/v2\/categories?post=41931"},{"taxonomy":"post_tag","embeddable":true,"href":"https:\/\/hier-luebeck.de\/index.php\/wp-json\/wp\/v2\/tags?post=41931"}],"curies":[{"name":"wp","href":"https:\/\/api.w.org\/{rel}","templated":true}]}}