{"id":41942,"date":"2011-09-06T14:24:15","date_gmt":"2011-09-06T12:24:15","guid":{"rendered":"http:\/\/www.hier-luebeck.de\/?p=41942"},"modified":"2011-09-06T14:24:15","modified_gmt":"2011-09-06T12:24:15","slug":"entwurf-fur-einheitliches-strafvollzugsgesetz-fertig","status":"publish","type":"post","link":"https:\/\/hier-luebeck.de\/index.php\/entwurf-fur-einheitliches-strafvollzugsgesetz-fertig\/","title":{"rendered":"Entwurf f\u00fcr einheitliches Strafvollzugsgesetz fertig"},"content":{"rendered":"<p>Foto: Mikano<\/p>\n<p>KIEL. Nach mehr als einj\u00e4hrigen Beratungen hat eine Arbeitsgruppe mit Vertretern von zehn Justizministerien der Bundesl\u00e4nder einen gemeinsamen Entwurf f\u00fcr ein Strafvollzugsgesetz vorgelegt. Dieser Musterentwurf f\u00fcr ein Landesstrafvollzugsgesetz wird in Schleswig-Holstein die Grundlage eines neuen Gesetzes sein. Bei der Umsetzung muss selbstverst\u00e4ndlich auch die Haushaltslage des Landes ber\u00fccksichtigt werden.<!--more--><\/p>\n<p>Zu dem vorgelegten Entwurf erkl\u00e4rte Justizminister Emil Schmalfu\u00df heute (6. September): &#8222;&#8220;Der Vollzug in Schleswig-Holstein hat einen hohen Standard und einige Reformideen werden hier schon seit Jahren umgesetzt. Bew\u00e4hrtes wie etwa das System der \u00fcberschaubaren Abteilungen mit engen personellen Anbindungen oder die Einbeziehung externer Fachkr\u00e4fte in den Bereichen der Psychotherapie und Sozialp\u00e4dagogik wird erhalten bleiben und Eingang in das Landesgesetz finden. Es handelt sich um einen gelungenen Entwurf, der den Anforderungen an einen konsequent am Resozialisierungsgedanken sowie an rechts- und sozialstaatlichen Erw\u00e4gungen ausgerichteten Strafvollzug Rechnung tr\u00e4gt.&#8220;&#8220;<\/p>\n<p>Die Gemeinsame Presseinformation der beteiligten L\u00e4nder sowie der Entwurf zum einheitlichen Strafvollzugsgesetz steht nachfolgend zum Herunterladen zur Verf\u00fcgung.<\/p>\n","protected":false},"excerpt":{"rendered":"<p>Foto: Mikano KIEL. Nach mehr als einj\u00e4hrigen Beratungen hat eine Arbeitsgruppe mit Vertretern von zehn Justizministerien der Bundesl\u00e4nder einen gemeinsamen<\/p>\n","protected":false},"author":3,"featured_media":0,"comment_status":"open","ping_status":"open","sticky":false,"template":"","format":"standard","meta":{"colormag_page_container_layout":"default_layout","colormag_page_sidebar_layout":"default_layout","footnotes":""},"categories":[5],"tags":[],"class_list":["post-41942","post","type-post","status-publish","format-standard","hentry","category-politik-wirtschaft"],"_links":{"self":[{"href":"https:\/\/hier-luebeck.de\/index.php\/wp-json\/wp\/v2\/posts\/41942","targetHints":{"allow":["GET"]}}],"collection":[{"href":"https:\/\/hier-luebeck.de\/index.php\/wp-json\/wp\/v2\/posts"}],"about":[{"href":"https:\/\/hier-luebeck.de\/index.php\/wp-json\/wp\/v2\/types\/post"}],"author":[{"embeddable":true,"href":"https:\/\/hier-luebeck.de\/index.php\/wp-json\/wp\/v2\/users\/3"}],"replies":[{"embeddable":true,"href":"https:\/\/hier-luebeck.de\/index.php\/wp-json\/wp\/v2\/comments?post=41942"}],"version-history":[{"count":0,"href":"https:\/\/hier-luebeck.de\/index.php\/wp-json\/wp\/v2\/posts\/41942\/revisions"}],"wp:attachment":[{"href":"https:\/\/hier-luebeck.de\/index.php\/wp-json\/wp\/v2\/media?parent=41942"}],"wp:term":[{"taxonomy":"category","embeddable":true,"href":"https:\/\/hier-luebeck.de\/index.php\/wp-json\/wp\/v2\/categories?post=41942"},{"taxonomy":"post_tag","embeddable":true,"href":"https:\/\/hier-luebeck.de\/index.php\/wp-json\/wp\/v2\/tags?post=41942"}],"curies":[{"name":"wp","href":"https:\/\/api.w.org\/{rel}","templated":true}]}}