{"id":41969,"date":"2011-09-06T14:46:18","date_gmt":"2011-09-06T14:46:18","guid":{"rendered":"http:\/\/www.hier-luebeck.de\/2011\/09\/bpol-ki-eutin-unfall-bei-arbeiten-am-eutiner-bahnhof\/"},"modified":"2011-09-06T14:46:18","modified_gmt":"2011-09-06T14:46:18","slug":"bpol-ki-eutin-unfall-bei-arbeiten-am-eutiner-bahnhof","status":"publish","type":"post","link":"https:\/\/hier-luebeck.de\/index.php\/bpol-ki-eutin-unfall-bei-arbeiten-am-eutiner-bahnhof\/","title":{"rendered":"BPOL-KI: Eutin: Unfall bei Arbeiten am Eutiner Bahnhof"},"content":{"rendered":"<p>Kiel (ots) &#8211; 25-j\u00e4hriger Elektroinstallateur wurde mit dem  Rettungshubschrauber in die Universit\u00e4tsklinik L\u00fcbeck geflogen. Heute Vormittag, gegen 09.30 Uhr, f\u00fchrten zwei Techniker der Deutschen Bahn Wartungsarbeiten an Elektroeinrichtungen im Bereich des Bahnhofs  Eutin durch.<!--more--> Ein 25 Jahre alter Auszubildender verursachte dabei  einen Kurzschluss und zog sich starke Verbrennungen an beiden H\u00e4nden  zu. Er war zwar weiterhin ansprechbar, wurde aber sicherheitshalber  durch den angeforderten Rettungshubschrauber nach L\u00fcbeck  transportiert. Landes- und Bundespolizei sicherten den Unfallort und  lie\u00dfen durch Techniker den Strom abschalten, da weiterhin Spannung  auf den betroffenen Schaltkreisen lag. Der Bahnverkehr war nicht  betroffen, die genaue Unfallursache bleibt zu ermitteln.     <\/p>\n<p>Quelle: <a href=\"http:\/\/www.presseportal.de\/polizeipresse\/pm\/70257\/2107732\/bpol-ki-eutin-unfall-bei-arbeiten-am-eutiner-bahnhof\/api\" target=\"_blank\">presseportal.de<\/a><\/p>\n","protected":false},"excerpt":{"rendered":"<p>Kiel (ots) &#8211; 25-j\u00e4hriger Elektroinstallateur wurde mit dem Rettungshubschrauber in die Universit\u00e4tsklinik L\u00fcbeck geflogen. Heute Vormittag, gegen 09.30 Uhr, f\u00fchrten<\/p>\n","protected":false},"author":3,"featured_media":0,"comment_status":"open","ping_status":"open","sticky":false,"template":"","format":"standard","meta":{"colormag_page_container_layout":"default_layout","colormag_page_sidebar_layout":"default_layout","footnotes":""},"categories":[20],"tags":[],"class_list":["post-41969","post","type-post","status-publish","format-standard","hentry","category-besondere-neuigkeiten"],"_links":{"self":[{"href":"https:\/\/hier-luebeck.de\/index.php\/wp-json\/wp\/v2\/posts\/41969","targetHints":{"allow":["GET"]}}],"collection":[{"href":"https:\/\/hier-luebeck.de\/index.php\/wp-json\/wp\/v2\/posts"}],"about":[{"href":"https:\/\/hier-luebeck.de\/index.php\/wp-json\/wp\/v2\/types\/post"}],"author":[{"embeddable":true,"href":"https:\/\/hier-luebeck.de\/index.php\/wp-json\/wp\/v2\/users\/3"}],"replies":[{"embeddable":true,"href":"https:\/\/hier-luebeck.de\/index.php\/wp-json\/wp\/v2\/comments?post=41969"}],"version-history":[{"count":0,"href":"https:\/\/hier-luebeck.de\/index.php\/wp-json\/wp\/v2\/posts\/41969\/revisions"}],"wp:attachment":[{"href":"https:\/\/hier-luebeck.de\/index.php\/wp-json\/wp\/v2\/media?parent=41969"}],"wp:term":[{"taxonomy":"category","embeddable":true,"href":"https:\/\/hier-luebeck.de\/index.php\/wp-json\/wp\/v2\/categories?post=41969"},{"taxonomy":"post_tag","embeddable":true,"href":"https:\/\/hier-luebeck.de\/index.php\/wp-json\/wp\/v2\/tags?post=41969"}],"curies":[{"name":"wp","href":"https:\/\/api.w.org\/{rel}","templated":true}]}}