{"id":41987,"date":"2011-09-06T13:01:56","date_gmt":"2011-09-06T13:01:56","guid":{"rendered":"http:\/\/www.hier-luebeck.de\/2011\/09\/pol-rz-nussekuhsen-einbruche-in-kindertagesstatten\/"},"modified":"2011-09-06T13:01:56","modified_gmt":"2011-09-06T13:01:56","slug":"pol-rz-nussekuhsen-einbruche-in-kindertagesstatten","status":"publish","type":"post","link":"https:\/\/hier-luebeck.de\/index.php\/pol-rz-nussekuhsen-einbruche-in-kindertagesstatten\/","title":{"rendered":"POL-RZ: Nusse\/K\u00fchsen &#8211; Einbr\u00fcche in Kindertagesst\u00e4tten"},"content":{"rendered":"<p>Ratzeburg (ots) &#8211; Kreis Herzogtum Lauenburg\/ 05.09.2011, Montag     W\u00e4hrend des Zeitraumes von Freitagnachmittag bis Montagmorgen kam  es zu Einbr\u00fcchen in die Kindertagesst\u00e4tten &#8222;Regenbogen&#8220; und  &#8222;Pfarrscheune&#8220; in Nusse sowie in den evangelischen Kindergarten in  K\u00fchsen.     In allen drei F\u00e4llen hebelten unbekannte T\u00e4ter ein Fenster auf und drangen so in das Geb\u00e4ude ein.<!--more--> Hier durchsuchten sie die  R\u00e4umlichkeiten und brachen teilweise Schr\u00e4nke auf.     In zwei von den drei Taten (K\u00fchsen und Regenbogen\/Nusse)  entwendeten die T\u00e4ter jeweils ein elektronisches Ger\u00e4t. Der  Gesamtwert des Stehlgutes betr\u00e4gt ca. 330,- Euro     Der bei den Aufbr\u00fcchen entstandene Gesamtschaden bel\u00e4uft sich auf  ca. 600,- Euro.     Ein konkreter Tatverdacht besteht derzeit nicht.     Wer kann Angaben zur Tat oder den T\u00e4tern machen? Wem sind w\u00e4hrend  des vergangenen Wochenendes im Bereich der o. g. Kitas verd\u00e4chtige  Personen oder Fahrzeuge aufgefallen? Zeugenhinweise bitte an die  Kriminalpolizei in Ratzeburg unter der Telefonnummer 04541 \/ 809-0  oder jede andere Polizeidienststelle.     <\/p>\n<p>Quelle: <a href=\"http:\/\/www.presseportal.de\/polizeipresse\/pm\/43735\/2107586\/pol-rz-nusse-kuehsen-einbrueche-in-kindertagesstaetten\/api\" target=\"_blank\">presseportal.de<\/a><\/p>\n","protected":false},"excerpt":{"rendered":"<p>Ratzeburg (ots) &#8211; Kreis Herzogtum Lauenburg\/ 05.09.2011, Montag W\u00e4hrend des Zeitraumes von Freitagnachmittag bis Montagmorgen kam es zu Einbr\u00fcchen in<\/p>\n","protected":false},"author":3,"featured_media":0,"comment_status":"open","ping_status":"open","sticky":false,"template":"","format":"standard","meta":{"colormag_page_container_layout":"default_layout","colormag_page_sidebar_layout":"default_layout","footnotes":""},"categories":[20],"tags":[],"class_list":["post-41987","post","type-post","status-publish","format-standard","hentry","category-besondere-neuigkeiten"],"_links":{"self":[{"href":"https:\/\/hier-luebeck.de\/index.php\/wp-json\/wp\/v2\/posts\/41987","targetHints":{"allow":["GET"]}}],"collection":[{"href":"https:\/\/hier-luebeck.de\/index.php\/wp-json\/wp\/v2\/posts"}],"about":[{"href":"https:\/\/hier-luebeck.de\/index.php\/wp-json\/wp\/v2\/types\/post"}],"author":[{"embeddable":true,"href":"https:\/\/hier-luebeck.de\/index.php\/wp-json\/wp\/v2\/users\/3"}],"replies":[{"embeddable":true,"href":"https:\/\/hier-luebeck.de\/index.php\/wp-json\/wp\/v2\/comments?post=41987"}],"version-history":[{"count":0,"href":"https:\/\/hier-luebeck.de\/index.php\/wp-json\/wp\/v2\/posts\/41987\/revisions"}],"wp:attachment":[{"href":"https:\/\/hier-luebeck.de\/index.php\/wp-json\/wp\/v2\/media?parent=41987"}],"wp:term":[{"taxonomy":"category","embeddable":true,"href":"https:\/\/hier-luebeck.de\/index.php\/wp-json\/wp\/v2\/categories?post=41987"},{"taxonomy":"post_tag","embeddable":true,"href":"https:\/\/hier-luebeck.de\/index.php\/wp-json\/wp\/v2\/tags?post=41987"}],"curies":[{"name":"wp","href":"https:\/\/api.w.org\/{rel}","templated":true}]}}