{"id":41988,"date":"2011-09-06T12:51:02","date_gmt":"2011-09-06T12:51:02","guid":{"rendered":"http:\/\/www.hier-luebeck.de\/2011\/09\/pol-se-bornhoved-sinnloser-vandalismus-reifenstecher-unterwegs\/"},"modified":"2011-09-06T12:51:02","modified_gmt":"2011-09-06T12:51:02","slug":"pol-se-bornhoved-sinnloser-vandalismus-reifenstecher-unterwegs","status":"publish","type":"post","link":"https:\/\/hier-luebeck.de\/index.php\/pol-se-bornhoved-sinnloser-vandalismus-reifenstecher-unterwegs\/","title":{"rendered":"POL-SE: Bornh\u00f6ved: sinnloser Vandalismus &#8211; Reifenstecher unterwegs"},"content":{"rendered":"<p>Bornh\u00f6ved (ots) &#8211; Eine Spur der Verw\u00fcstung hat ein noch  unbekannter Reifenstecher in der Nacht zum Dienstag gezogen: von der  Segeberger Landstra\u00dfe \u00fcber die Stra\u00dfen Achtern Diek, Kronberg,  M\u00fchlenstra\u00dfe und Kirchstra\u00dfe wurden nicht nur am Stra\u00dfenrand parkende Fahrzeuge besch\u00e4digt sondern auch solche, die auf den Grundst\u00fccken  der Anlieger, z.B. in Carports, abgestellt waren.<!--more--> Bis 12:00 Uhr hatte die Polizei in Bornh\u00f6ved bereits 20 Anzeigen von Gesch\u00e4digten  entgegengenommen. Teilweise wurde alle Reifen mit Stichen in die  Flanken besch\u00e4digt. Die Polizei sch\u00e4tzt die Gesamtzahl der  besch\u00e4dgten Fahrzeuge auf bis zu 50. Der Sachschaden wird auf bis zu  30.000 EUR gesch\u00e4tzt.     Die Polizei bittet Anwohner der betroffenen Stra\u00dfen um Mitteilung  \u00fcber ungew\u00f6hnliche Beobachtungen in der vergangenen Nacht. Hinweise  unter Tel.: 04323-6410   ots Originaltext: Polizeidirektion Bad Segeberg Digitale Pressemappe: http:\/\/www.polizeipresse.de\/p_story.htx?firmaid=19027  <\/p>\n<p>Quelle: <a href=\"http:\/\/www.presseportal.de\/polizeipresse\/pm\/19027\/2107559\/pol-se-bornhoeved-sinnloser-vandalismus-reifenstecher-unterwegs\/api\" target=\"_blank\">presseportal.de<\/a><\/p>\n","protected":false},"excerpt":{"rendered":"<p>Bornh\u00f6ved (ots) &#8211; Eine Spur der Verw\u00fcstung hat ein noch unbekannter Reifenstecher in der Nacht zum Dienstag gezogen: von der<\/p>\n","protected":false},"author":3,"featured_media":0,"comment_status":"open","ping_status":"open","sticky":false,"template":"","format":"standard","meta":{"colormag_page_container_layout":"default_layout","colormag_page_sidebar_layout":"default_layout","footnotes":""},"categories":[20],"tags":[],"class_list":["post-41988","post","type-post","status-publish","format-standard","hentry","category-besondere-neuigkeiten"],"_links":{"self":[{"href":"https:\/\/hier-luebeck.de\/index.php\/wp-json\/wp\/v2\/posts\/41988","targetHints":{"allow":["GET"]}}],"collection":[{"href":"https:\/\/hier-luebeck.de\/index.php\/wp-json\/wp\/v2\/posts"}],"about":[{"href":"https:\/\/hier-luebeck.de\/index.php\/wp-json\/wp\/v2\/types\/post"}],"author":[{"embeddable":true,"href":"https:\/\/hier-luebeck.de\/index.php\/wp-json\/wp\/v2\/users\/3"}],"replies":[{"embeddable":true,"href":"https:\/\/hier-luebeck.de\/index.php\/wp-json\/wp\/v2\/comments?post=41988"}],"version-history":[{"count":0,"href":"https:\/\/hier-luebeck.de\/index.php\/wp-json\/wp\/v2\/posts\/41988\/revisions"}],"wp:attachment":[{"href":"https:\/\/hier-luebeck.de\/index.php\/wp-json\/wp\/v2\/media?parent=41988"}],"wp:term":[{"taxonomy":"category","embeddable":true,"href":"https:\/\/hier-luebeck.de\/index.php\/wp-json\/wp\/v2\/categories?post=41988"},{"taxonomy":"post_tag","embeddable":true,"href":"https:\/\/hier-luebeck.de\/index.php\/wp-json\/wp\/v2\/tags?post=41988"}],"curies":[{"name":"wp","href":"https:\/\/api.w.org\/{rel}","templated":true}]}}