{"id":42157,"date":"2011-09-08T12:08:03","date_gmt":"2011-09-08T10:08:03","guid":{"rendered":"http:\/\/www.hier-luebeck.de\/?p=42157"},"modified":"2011-09-08T12:08:03","modified_gmt":"2011-09-08T10:08:03","slug":"oh-fehmarn-burg-vermisster-wieder-aufgefunden","status":"publish","type":"post","link":"https:\/\/hier-luebeck.de\/index.php\/oh-fehmarn-burg-vermisster-wieder-aufgefunden\/","title":{"rendered":"OH-Fehmarn-Burg: Vermisster wieder aufgefunden"},"content":{"rendered":"<p><span style=\"font-family: Arial; font-size: small;\">Am gestrigen Mittwoch, 07. September  2011, hielt sich eine Reisegruppe im Innenstadtbereich von Burg auf. Ein  23-j\u00e4hriger, welcher geistig behindert ist, hatte sich unbemerkt von der Gruppe  entfernt und wurde von dem Betreuer als vermisst gemeldet. Zun\u00e4chst suchten alle  verf\u00fcgbaren Streifenwagen nach dem jungen Mann. Im Verlauf des Abends wurde mit  Unterst\u00fctzung der Freiwilligen Feuerwehr Stadt Fehmarn und vier Hunden der BRH  Rettungshundestaffel Schleswig-Holstein Ost bis 02.30 Uhr im Stadtbereich ohne  Erfolg gesucht.<!--more-->Gegen 09.00 Uhr fuhr dann ein  Beamter der Polizei-Zentralstation Fehmarn zum Ende des Nachtdienstes nach  Hause. Als er am Schwanenteich vorbeifuhr sah er den 23-j\u00e4hrigen. Dieser sa\u00df  v\u00f6llig durchn\u00e4sst auf einer Parkbank.<\/span><\/p>\n<p><span style=\"font-family: Arial; font-size: small;\">Der Polizist fuhr den jungen Mann  zun\u00e4chst zur Wache und dort konnte er an den Betreuer \u00fcbergeben werden. <\/span><\/p>\n","protected":false},"excerpt":{"rendered":"<p>Am gestrigen Mittwoch, 07. September 2011, hielt sich eine Reisegruppe im Innenstadtbereich von Burg auf. Ein 23-j\u00e4hriger, welcher geistig behindert<\/p>\n","protected":false},"author":3,"featured_media":0,"comment_status":"open","ping_status":"open","sticky":false,"template":"","format":"standard","meta":{"colormag_page_container_layout":"default_layout","colormag_page_sidebar_layout":"default_layout","footnotes":""},"categories":[14],"tags":[],"class_list":["post-42157","post","type-post","status-publish","format-standard","hentry","category-tipps-informationen"],"_links":{"self":[{"href":"https:\/\/hier-luebeck.de\/index.php\/wp-json\/wp\/v2\/posts\/42157","targetHints":{"allow":["GET"]}}],"collection":[{"href":"https:\/\/hier-luebeck.de\/index.php\/wp-json\/wp\/v2\/posts"}],"about":[{"href":"https:\/\/hier-luebeck.de\/index.php\/wp-json\/wp\/v2\/types\/post"}],"author":[{"embeddable":true,"href":"https:\/\/hier-luebeck.de\/index.php\/wp-json\/wp\/v2\/users\/3"}],"replies":[{"embeddable":true,"href":"https:\/\/hier-luebeck.de\/index.php\/wp-json\/wp\/v2\/comments?post=42157"}],"version-history":[{"count":0,"href":"https:\/\/hier-luebeck.de\/index.php\/wp-json\/wp\/v2\/posts\/42157\/revisions"}],"wp:attachment":[{"href":"https:\/\/hier-luebeck.de\/index.php\/wp-json\/wp\/v2\/media?parent=42157"}],"wp:term":[{"taxonomy":"category","embeddable":true,"href":"https:\/\/hier-luebeck.de\/index.php\/wp-json\/wp\/v2\/categories?post=42157"},{"taxonomy":"post_tag","embeddable":true,"href":"https:\/\/hier-luebeck.de\/index.php\/wp-json\/wp\/v2\/tags?post=42157"}],"curies":[{"name":"wp","href":"https:\/\/api.w.org\/{rel}","templated":true}]}}