{"id":42177,"date":"2011-09-08T14:09:29","date_gmt":"2011-09-08T12:09:29","guid":{"rendered":"http:\/\/www.hier-luebeck.de\/?p=42177"},"modified":"2011-09-08T14:09:29","modified_gmt":"2011-09-08T12:09:29","slug":"das-rathaus-im-dialog-mit-seniorinnen-und-senioren","status":"publish","type":"post","link":"https:\/\/hier-luebeck.de\/index.php\/das-rathaus-im-dialog-mit-seniorinnen-und-senioren\/","title":{"rendered":"Das Rathaus im Dialog mit Seniorinnen und Senioren"},"content":{"rendered":"<p>Stadtpr\u00e4sidentin und Seniorenbeirat laden am 17. September zur Infoveranstaltung<\/p>\n<p>Im Rahmen der Veranstaltungsreihe \u201eRathaus im Dialog\u201c l\u00e4dt L\u00fcbecks Stadtpr\u00e4sidentin Gabriele Schopenhauer in Kooperation mit dem Seniorenbeirat Seniorinnen und Senioren am Sonnabend, 17. September 2011, von 11 bis 16 Uhr zur Informationsveranstaltung in das Rathaus ein. Unter dem Motto \u201eAktiv im Alter\u201c informieren zahlreiche gemeinn\u00fctzige und ehrenamtliche Institutionen und Einrichtungen in der Gro\u00dfen B\u00f6rse, im Vorraum und im Audienzsaal \u00fcber ihre Angebote.<!--more--><\/p>\n<p>Au\u00dferdem sind Fachvortr\u00e4ge mit anschlie\u00dfenden Podiums-Diskussionen sowie Gespr\u00e4chsrunden mit Politikern vorgesehen. F\u00fcr das leibliche Wohl ist gesorgt: Die Kleine B\u00f6rse verwandelt sich in ein Caf\u00e9 &#8211; gegen einen kleinen Obolus, der gespendet wird, k\u00f6nnen Kuchen und Getr\u00e4nke erworben werden. Offiziell er\u00f6ffnen die Stadtpr\u00e4sidentin und der Vorsitzende des Seniorenbeirats, J\u00fcrgen Oldenburg, die Veranstaltung um 11 Uhr im Audienzsaal. Der Eintritt ist frei.<\/p>\n<p>Den Seniorinnen und Senioren \u2013 das sind in der Hansestadt L\u00fcbeck mehr als 60 000 Menschen \u00fcber 60 Jahre \u2013 kommt eine gro\u00dfe Bedeutung f\u00fcr das wirtschaftliche, gesellschaftliche, kulturelle und politische Leben in unserer Stadt zu. Umso wichtiger ist es, die Interessen und Belange der \u00e4lteren Generation in unserer Stadt aufzugreifen, den begonnenen Dialog fortzusetzen und damit das Verst\u00e4ndnis auch zwischen den Generationen zu f\u00f6rdern.<\/p>\n<p>Die Veranstaltung ist gleichzeitig eingebunden in die Aktionswoche des b\u00fcrgerschaftlichen Engagements unter der Schirmherrschaft des Bundespr\u00e4sidenten Christian Wulff, organisiert vom Bundesnetzwerk B\u00fcrgerschaftliches Engagement (BBE).<\/p>\n<p>Das Programm im \u00dcberblick:<\/p>\n<p>11 Uhr, Audienzsaal: Er\u00f6ffnung der Informationsveranstaltung durch die Stadtpr\u00e4sidentin Gabriele Schopenhauer und den Seniorenbeiratsvorsitzenden J\u00fcrgen Oldenburg<\/p>\n<p>11 bis 16 Uhr, Gro\u00dfe B\u00f6rse sowie Vorraum und Audienzsaal Rathaus: Mehr als 30 gemeinn\u00fctzige und ehrenamtliche Institutionen und Einrichtungen pr\u00e4sentieren ihre Angebote<\/p>\n<p>11 bis 16 Uhr, Kleine B\u00f6rse: Rathauscaf\u00e9 &#8211; Erl\u00f6s zu Gunsten des Vereines L\u00fcbeck Hilfe f\u00fcr Krebskranke Kinder e.V.<\/p>\n<p>14 bis 16 Uhr, Audienzsaal: Gespr\u00e4chsrunden mit Politikerinnen und Politikern<\/p>\n<p>13 Uhr, B\u00fcrgerschaftssaal: Vortrag \u201eSubjektive \u00c4ngste \u00e4lterer Menschen\u201c von Heiko H\u00fcttmann, Ltd. Polizeidirektor L\u00fcbeck, anschlie\u00dfend Podiumsdiskussion<\/p>\n<p>14 Uhr, Roter Saal: Vortrag \u201eZwischen Schutz und Abzocke: Versicherungen f\u00fcr Senioren\u201c mit Hartmut Jonas von der Verbraucherzentrale, anschlie\u00dfend Diskussion<\/p>\n<p>14 und 15 Uhr, Kommissarenzimmer: Tanzen im Sitzen, Workshop mit Gabriele Gronemeyer.<\/p>\n","protected":false},"excerpt":{"rendered":"<p>Stadtpr\u00e4sidentin und Seniorenbeirat laden am 17. September zur Infoveranstaltung Im Rahmen der Veranstaltungsreihe \u201eRathaus im Dialog\u201c l\u00e4dt L\u00fcbecks Stadtpr\u00e4sidentin Gabriele<\/p>\n","protected":false},"author":3,"featured_media":0,"comment_status":"open","ping_status":"open","sticky":false,"template":"","format":"standard","meta":{"colormag_page_container_layout":"default_layout","colormag_page_sidebar_layout":"default_layout","footnotes":""},"categories":[20],"tags":[],"class_list":["post-42177","post","type-post","status-publish","format-standard","hentry","category-besondere-neuigkeiten"],"_links":{"self":[{"href":"https:\/\/hier-luebeck.de\/index.php\/wp-json\/wp\/v2\/posts\/42177","targetHints":{"allow":["GET"]}}],"collection":[{"href":"https:\/\/hier-luebeck.de\/index.php\/wp-json\/wp\/v2\/posts"}],"about":[{"href":"https:\/\/hier-luebeck.de\/index.php\/wp-json\/wp\/v2\/types\/post"}],"author":[{"embeddable":true,"href":"https:\/\/hier-luebeck.de\/index.php\/wp-json\/wp\/v2\/users\/3"}],"replies":[{"embeddable":true,"href":"https:\/\/hier-luebeck.de\/index.php\/wp-json\/wp\/v2\/comments?post=42177"}],"version-history":[{"count":0,"href":"https:\/\/hier-luebeck.de\/index.php\/wp-json\/wp\/v2\/posts\/42177\/revisions"}],"wp:attachment":[{"href":"https:\/\/hier-luebeck.de\/index.php\/wp-json\/wp\/v2\/media?parent=42177"}],"wp:term":[{"taxonomy":"category","embeddable":true,"href":"https:\/\/hier-luebeck.de\/index.php\/wp-json\/wp\/v2\/categories?post=42177"},{"taxonomy":"post_tag","embeddable":true,"href":"https:\/\/hier-luebeck.de\/index.php\/wp-json\/wp\/v2\/tags?post=42177"}],"curies":[{"name":"wp","href":"https:\/\/api.w.org\/{rel}","templated":true}]}}