{"id":42434,"date":"2011-09-09T11:00:15","date_gmt":"2011-09-09T11:00:15","guid":{"rendered":"http:\/\/www.hier-luebeck.de\/2011\/09\/bka-gemeinsamer-kampf-gegen-geldwasche-pressekonferenz-des-bundeskriminalamts-bka-und-der-bundesanstalt-fur-finanzdienstleistungsaufsicht-bafin-einladung-zur-pressekonferenz\/"},"modified":"2011-09-09T11:00:15","modified_gmt":"2011-09-09T11:00:15","slug":"bka-gemeinsamer-kampf-gegen-geldwasche-pressekonferenz-des-bundeskriminalamts-bka-und-der-bundesanstalt-fur-finanzdienstleistungsaufsicht-bafin-einladung-zur-pressekonferenz","status":"publish","type":"post","link":"https:\/\/hier-luebeck.de\/index.php\/bka-gemeinsamer-kampf-gegen-geldwasche-pressekonferenz-des-bundeskriminalamts-bka-und-der-bundesanstalt-fur-finanzdienstleistungsaufsicht-bafin-einladung-zur-pressekonferenz\/","title":{"rendered":"BKA: Gemeinsamer Kampf gegen Geldw\u00e4sche &#8211; Pressekonferenz des Bundeskriminalamts (BKA) und der Bundesanstalt f\u00fcr Finanzdienstleistungsaufsicht (BaFin)\n&#8211; Einladung zur Pressekonferenz &#8211;"},"content":{"rendered":"<p>Wiesbaden (ots) &#8211; .<!--more-->     Termin: Freitag, 16. September 2011     Zeit: 10:30 &#8211; 11:30 Uhr, Zutritt ab 09:30 Uhr     Ort: Bundeskriminalamt, Thaerstra\u00dfe 11, 65193 Wiesbaden     Akkreditierungsfrist: Mittwoch, 14. September 2011, 15:00 Uhr     Am 16. September 2011 werden BKA-Pr\u00e4sident J\u00f6rg Ziercke und  Michael Sell, Exekutivdirektor der Bundesanstalt f\u00fcr  Finanzdienstleistungsaufsicht (BaFin), in einer gemeinsamen  Pressekonferenz \u00fcber die Arbeiten ihrer Beh\u00f6rden auf dem Gebiet der  Bek\u00e4mpfung von Geldw\u00e4sche berichten.     In seinen Ausf\u00fchrungen wird BKA-Pr\u00e4sident Ziercke die aktuellen  Fallzahlen des Jahresberichts 2010 der deutschen Financial  Intelligence Unit (FIU) vorstellen und die aufgefallenen Typologien  und Methoden der Geldw\u00e4sche darstellen, u. a. die zunehmende Nutzung  elektronischer Zahlungsm\u00f6glichkeiten und die herausragende Rolle so  genannter Financial Agents.     BaFin-Exekutivdirektor Sell wird einen kurzen Ausblick auf  geplante aufsichtsrelevante Neuerungen durch das laufende  Gesetzesvorhaben zur Optimierung der Geldw\u00e4schepr\u00e4vention geben.  Au\u00dferdem wird er auf Gefahren eingehen, die allgemein mit Produkten  des elektronischen Zahlungsverkehrs und speziell mit dem Vertrieb  durch E-Geld-Agenten verbunden sind. Ein weiteres Thema wird die  aufsichtliche Behandlung von Gesch\u00e4ftsbeziehungen mit korrupten  Regimen und deren Vertretern sein.     Akkreditierungen nimmt die BKA-Pressestelle bis Mittwoch,  14.09.2011, 15:00 Uhr, unter der Faxnummer 0611 &#8211; 55-12323 entgegen.  Bitte beachten Sie die ge\u00e4nderten Akkreditierungsmodalit\u00e4ten. Das  Anmeldeformular zur Akkreditierung finden Sie unter  www.bka.de\/presse\/Presse-Akkreditierung.pdf.     Parkpl\u00e4tze stehen in geringem Umfang zur Verf\u00fcgung. Zum Betreten  des BKA ben\u00f6tigen Sie einen g\u00fcltigen Personalausweis.     <\/p>\n<p>Quelle: <a href=\"http:\/\/www.presseportal.de\/polizeipresse\/pm\/7\/2109552\/bka-gemeinsamer-kampf-gegen-geldwaesche-pressekonferenz-des-bundeskriminalamts-bka-und-der\/api\" target=\"_blank\">presseportal.de<\/a><\/p>\n","protected":false},"excerpt":{"rendered":"<p>Wiesbaden (ots) &#8211; .<\/p>\n","protected":false},"author":3,"featured_media":0,"comment_status":"open","ping_status":"open","sticky":false,"template":"","format":"standard","meta":{"colormag_page_container_layout":"default_layout","colormag_page_sidebar_layout":"default_layout","footnotes":""},"categories":[20],"tags":[],"class_list":["post-42434","post","type-post","status-publish","format-standard","hentry","category-besondere-neuigkeiten"],"_links":{"self":[{"href":"https:\/\/hier-luebeck.de\/index.php\/wp-json\/wp\/v2\/posts\/42434","targetHints":{"allow":["GET"]}}],"collection":[{"href":"https:\/\/hier-luebeck.de\/index.php\/wp-json\/wp\/v2\/posts"}],"about":[{"href":"https:\/\/hier-luebeck.de\/index.php\/wp-json\/wp\/v2\/types\/post"}],"author":[{"embeddable":true,"href":"https:\/\/hier-luebeck.de\/index.php\/wp-json\/wp\/v2\/users\/3"}],"replies":[{"embeddable":true,"href":"https:\/\/hier-luebeck.de\/index.php\/wp-json\/wp\/v2\/comments?post=42434"}],"version-history":[{"count":0,"href":"https:\/\/hier-luebeck.de\/index.php\/wp-json\/wp\/v2\/posts\/42434\/revisions"}],"wp:attachment":[{"href":"https:\/\/hier-luebeck.de\/index.php\/wp-json\/wp\/v2\/media?parent=42434"}],"wp:term":[{"taxonomy":"category","embeddable":true,"href":"https:\/\/hier-luebeck.de\/index.php\/wp-json\/wp\/v2\/categories?post=42434"},{"taxonomy":"post_tag","embeddable":true,"href":"https:\/\/hier-luebeck.de\/index.php\/wp-json\/wp\/v2\/tags?post=42434"}],"curies":[{"name":"wp","href":"https:\/\/api.w.org\/{rel}","templated":true}]}}