{"id":42568,"date":"2011-09-12T12:23:30","date_gmt":"2011-09-12T10:23:30","guid":{"rendered":"http:\/\/www.hier-luebeck.de\/?p=42568"},"modified":"2011-09-12T12:23:44","modified_gmt":"2011-09-12T10:23:44","slug":"schleswig-holstein-beteiligt-sich-an-internationaler-kinderschutzkonferenz","status":"publish","type":"post","link":"https:\/\/hier-luebeck.de\/index.php\/schleswig-holstein-beteiligt-sich-an-internationaler-kinderschutzkonferenz\/","title":{"rendered":"Schleswig-Holstein beteiligt sich an Internationaler Kinderschutzkonferenz"},"content":{"rendered":"<p>KIEL. In Berlin startet heute (12.9.) eine zweit\u00e4gige internationale Kinderschutzkonferenz. Veranstalter sind die Bundesarbeitsgemeinschaft der Kinderschutz-Zentren, das Bundesministerium f\u00fcr Familie, Senioren, Frauen und Jugend und die Expert Group for Cooperation on Children at Risk des Ostseerates. Schleswig-Holstein beteiligt sich an der Konferenz. Pr\u00e4sentiert wird ein Projekt der \u201eFr\u00fchen Hilfen\u201c aus Schleswig-Holstein. Das vom Kinderschutz-Zentrum und der Stadt Kiel vorgestellte Projekt bietet vor allem Eltern mit Kindern im ersten Lebensjahr, insbesondere aus sozial belasteten Stadtteilen, Beratung und Unterst\u00fctzung an. Dabei geht es um alle Fragen der Versorgung und F\u00f6rderung der Kinder unter Ber\u00fccksichtigung der individuellen Problemlagen und Lebensbedingungen der Familien.<!--more--><\/p>\n<p>\u201e&#8220;Das besondere und international beachtete an diesem Projekt ist die enge Kooperation von Mitarbeitern aus Gesundheitswesen und Jugendhilfe. Durch die interdisziplin\u00e4re professionelle Hilfe gelingt es, Eltern mit Suchtproblemen, Gewalterfahrungen oder minderj\u00e4hrige Eltern effektiv zu unterst\u00fctzen&#8220;\u201c, so Schleswig-Holsteins Sozialminister Dr. Heiner Garg. \u201e&#8220;Dabei steht die F\u00f6rderung der Erziehungskompetenz der Eltern im Vordergrund&#8220;\u201c.<\/p>\n<p>Die Eltern sollen insbesondere bef\u00e4higt werden, die Entwicklung ihrer Kinder positiv zu beeinflussen und ihnen ein gesundes Aufwachsen zu erm\u00f6glichen.<\/p>\n<p>Irene Johns, Vorsitzende des Kinderschutzbundes Schleswig-Holstein, unterstreicht die Bedeutung dieser Form der Fr\u00fchen Hilfen f\u00fcr den Kinderschutz: \u201e&#8220;Unser Kooperationsprojekt in Kiel erm\u00f6glicht  eine umfassende Einsch\u00e4tzung der seelischen und k\u00f6rperlichen Situation des Kindes und damit effektive Hilfe. Es klingt so banal und ist doch so wichtig: Je fr\u00fcher einem Kind und seinen Eltern geholfen wird, umso besser f\u00fcr seine weitere Entwicklung&#8220;.\u201c<\/p>\n<p>Das Land unterst\u00fctzt die Fortf\u00fchrung und den Ausbau des Projekts f\u00fcr Kinder bis zum Alter von drei Jahren im Rahmen der Gesundheitsinitiative Schleswig-Holstein.<\/p>\n<p>Die Konferenz in Berlin dient dem grenz\u00fcbergreifenden fachlichen Austausch zu den Fr\u00fchen Hilfen und der Vorstellung erfolgreicher Projekte.<\/p>\n","protected":false},"excerpt":{"rendered":"<p>KIEL. In Berlin startet heute (12.9.) eine zweit\u00e4gige internationale Kinderschutzkonferenz. Veranstalter sind die Bundesarbeitsgemeinschaft der Kinderschutz-Zentren, das Bundesministerium f\u00fcr Familie,<\/p>\n","protected":false},"author":3,"featured_media":0,"comment_status":"open","ping_status":"open","sticky":false,"template":"","format":"standard","meta":{"colormag_page_container_layout":"default_layout","colormag_page_sidebar_layout":"default_layout","footnotes":""},"categories":[5],"tags":[],"class_list":["post-42568","post","type-post","status-publish","format-standard","hentry","category-politik-wirtschaft"],"_links":{"self":[{"href":"https:\/\/hier-luebeck.de\/index.php\/wp-json\/wp\/v2\/posts\/42568","targetHints":{"allow":["GET"]}}],"collection":[{"href":"https:\/\/hier-luebeck.de\/index.php\/wp-json\/wp\/v2\/posts"}],"about":[{"href":"https:\/\/hier-luebeck.de\/index.php\/wp-json\/wp\/v2\/types\/post"}],"author":[{"embeddable":true,"href":"https:\/\/hier-luebeck.de\/index.php\/wp-json\/wp\/v2\/users\/3"}],"replies":[{"embeddable":true,"href":"https:\/\/hier-luebeck.de\/index.php\/wp-json\/wp\/v2\/comments?post=42568"}],"version-history":[{"count":0,"href":"https:\/\/hier-luebeck.de\/index.php\/wp-json\/wp\/v2\/posts\/42568\/revisions"}],"wp:attachment":[{"href":"https:\/\/hier-luebeck.de\/index.php\/wp-json\/wp\/v2\/media?parent=42568"}],"wp:term":[{"taxonomy":"category","embeddable":true,"href":"https:\/\/hier-luebeck.de\/index.php\/wp-json\/wp\/v2\/categories?post=42568"},{"taxonomy":"post_tag","embeddable":true,"href":"https:\/\/hier-luebeck.de\/index.php\/wp-json\/wp\/v2\/tags?post=42568"}],"curies":[{"name":"wp","href":"https:\/\/api.w.org\/{rel}","templated":true}]}}