{"id":42575,"date":"2011-09-12T12:47:48","date_gmt":"2011-09-12T10:47:48","guid":{"rendered":"http:\/\/www.hier-luebeck.de\/?p=42575"},"modified":"2011-09-12T12:47:48","modified_gmt":"2011-09-12T10:47:48","slug":"noch-ausbildungsplatze-fur-2012-bei-der-hansestadt-lubeck","status":"publish","type":"post","link":"https:\/\/hier-luebeck.de\/index.php\/noch-ausbildungsplatze-fur-2012-bei-der-hansestadt-lubeck\/","title":{"rendered":"Noch Ausbildungspl\u00e4tze f\u00fcr 2012 bei der Hansestadt L\u00fcbeck"},"content":{"rendered":"<p>Bewerbungschluss ist der 22. September 2011 \u2013 Ausbildungsbeginn am 1. August 2012<\/p>\n<p>Die Hansestadt L\u00fcbeck stellt auch im n\u00e4chsten Jahr wieder eine Reihe von Ausbildungspl\u00e4tzen f\u00fcr den Nachwuchs in verschiedenen Berufsfeldern zur Verf\u00fcgung. Ausbildungsbeginn ist der 1. August 2012. Die Bewerbungsfrist f\u00fcr alle Ausbildungspl\u00e4tze endet bereits am 22. September 2011.<!--more--><\/p>\n<p>Die Hansestadt m\u00f6chte in folgenden Ausbildungsberufen junge Leute beiderlei Geschlechts einstellen:<\/p>\n<p>Bachelor of Arts \u201eAllgemeine Verwaltung\/Public Administration\u201c<\/p>\n<p>Stadtinspektor-Anw\u00e4rterinnen und Anw\u00e4rter<\/p>\n<p>B\u00fcrokauffrauen \/ -kaufm\u00e4nner<\/p>\n<p>und als<\/p>\n<p>Verwaltungsfachangestellte<\/p>\n<p>F\u00fcr die Ausbildung zum\/zur Verwaltungsfachangestellten bietet die Hansestadt L\u00fcbeck eine familienfreundliche Ausbildung in Teilzeit (30 Stunden\/Woche) an.Einzelheiten zu den Ausbildungsberufen k\u00f6nnen der Brosch\u00fcre \u201eZukunft gestalten \u2013 Berufsausbildung bei der Hansestadt L\u00fcbeck\u201c entnommen werden. Die Brosch\u00fcre ist kostenlos beim Personal- und Organisationsservice, Team Ausbildung, Fischstra\u00dfe 2 \u2013 6, 23552 L\u00fcbeck, zu erhalten. An diese Anschrift richten sich auch die Bewerbungen ohne Mappen und Hefter.<\/p>\n<p>Telefonische Auskunft erteilen Frau Caro (0451) 122 &#8211; 11 74 sowie Frau Breitr\u00fcck (0451) 122 11 79 (vormittags). Auch \u00fcber e-mail: href=&#8220;mailto:personal-und-organisationsservice@luebeck.de&#8220;&gt;personal-und-organisationsservice@luebeck.de und im Internet unter Internet: www.luebeck.de sind n\u00e4here Informationen zu erhalten.<\/p>\n","protected":false},"excerpt":{"rendered":"<p>Bewerbungschluss ist der 22. September 2011 \u2013 Ausbildungsbeginn am 1. August 2012 Die Hansestadt L\u00fcbeck stellt auch im n\u00e4chsten Jahr<\/p>\n","protected":false},"author":3,"featured_media":0,"comment_status":"open","ping_status":"open","sticky":false,"template":"","format":"standard","meta":{"colormag_page_container_layout":"default_layout","colormag_page_sidebar_layout":"default_layout","footnotes":""},"categories":[20],"tags":[],"class_list":["post-42575","post","type-post","status-publish","format-standard","hentry","category-besondere-neuigkeiten"],"_links":{"self":[{"href":"https:\/\/hier-luebeck.de\/index.php\/wp-json\/wp\/v2\/posts\/42575","targetHints":{"allow":["GET"]}}],"collection":[{"href":"https:\/\/hier-luebeck.de\/index.php\/wp-json\/wp\/v2\/posts"}],"about":[{"href":"https:\/\/hier-luebeck.de\/index.php\/wp-json\/wp\/v2\/types\/post"}],"author":[{"embeddable":true,"href":"https:\/\/hier-luebeck.de\/index.php\/wp-json\/wp\/v2\/users\/3"}],"replies":[{"embeddable":true,"href":"https:\/\/hier-luebeck.de\/index.php\/wp-json\/wp\/v2\/comments?post=42575"}],"version-history":[{"count":0,"href":"https:\/\/hier-luebeck.de\/index.php\/wp-json\/wp\/v2\/posts\/42575\/revisions"}],"wp:attachment":[{"href":"https:\/\/hier-luebeck.de\/index.php\/wp-json\/wp\/v2\/media?parent=42575"}],"wp:term":[{"taxonomy":"category","embeddable":true,"href":"https:\/\/hier-luebeck.de\/index.php\/wp-json\/wp\/v2\/categories?post=42575"},{"taxonomy":"post_tag","embeddable":true,"href":"https:\/\/hier-luebeck.de\/index.php\/wp-json\/wp\/v2\/tags?post=42575"}],"curies":[{"name":"wp","href":"https:\/\/api.w.org\/{rel}","templated":true}]}}