{"id":42997,"date":"2011-09-08T13:05:04","date_gmt":"2011-09-08T13:05:04","guid":{"rendered":"http:\/\/www.hier-luebeck.de\/2011\/09\/bpol-ki-fehmarn-puttgarden-lubeck-aufmerksame-bundespolizei-2\/"},"modified":"2011-09-08T13:05:04","modified_gmt":"2011-09-08T13:05:04","slug":"bpol-ki-fehmarn-puttgarden-lubeck-aufmerksame-bundespolizei-2","status":"publish","type":"post","link":"https:\/\/hier-luebeck.de\/index.php\/bpol-ki-fehmarn-puttgarden-lubeck-aufmerksame-bundespolizei-2\/","title":{"rendered":"BPOL-KI: Fehmarn (Puttgarden) \/ L\u00fcbeck: Aufmerksame Bundespolizei"},"content":{"rendered":"<p>Kiel (ots) &#8211; Aufgriffe durch die Bundespolizei in Puttgarden und  in L\u00fcbeck. Gestern Nachmittag f\u00fchrten Bundespolizisten im ICE aus  Kopenhagen Kontrollen durch. Ein 31-j\u00e4hriger Mann aus der T\u00fcrkei  konnte lediglich eine norwegische Asylkarte vorweisen, weitere  Papiere hatte er nicht bei sich.<!--more--> Also musste er die Beamten f\u00fcr  weitere Kontrollma\u00dfnahmen in die Dienststelle der Bundespolizei  begleiten. Dort stellte sich dann bei den polizeilichen Ma\u00dfnahmen  heraus, dass dass der 31-j\u00e4hrige zur Festnahme ausgeschrieben war. Am Abend wurde er durch die Bundespolizei in die Justizvollzugsanstalt  in L\u00fcbeck eingeliefert.     Gegen 18.00 Uhr fiel einer Streife der Bundespolizei in der  L\u00fcbecker Bahnhofshalle ein Jugendlicher auf, der augenscheinlich  nicht so recht wusste, wohin er sollte. Die Beamten kontrollierten  den jungen Mann, der sich aber kaum verst\u00e4ndigen konnte und keinerlei Identit\u00e4tspapiere bei sich hatte. In der Dienststelle der  Bundespolizei gab der junge Mann dann gegen\u00fcber einem hinzugezogenen  Dolmetscher an, 15 Jahre alt zu sein und aus Afghanistan zu stammen.  In Absprache mit der Ausl\u00e4nderbeh\u00f6rde wurde der junge Mann durch die  Bundespolizei an eine Jugendhilfeeinrichtung \u00fcbergeben.     <\/p>\n<p>Quelle: <a href=\"http:\/\/www.presseportal.de\/polizeipresse\/pm\/70257\/2108994\/bpol-ki-fehmarn-puttgarden-luebeck-aufmerksame-bundespolizei\/api\" target=\"_blank\">presseportal.de<\/a><\/p>\n","protected":false},"excerpt":{"rendered":"<p>Kiel (ots) &#8211; Aufgriffe durch die Bundespolizei in Puttgarden und in L\u00fcbeck. Gestern Nachmittag f\u00fchrten Bundespolizisten im ICE aus Kopenhagen<\/p>\n","protected":false},"author":3,"featured_media":0,"comment_status":"open","ping_status":"open","sticky":false,"template":"","format":"standard","meta":{"colormag_page_container_layout":"default_layout","colormag_page_sidebar_layout":"default_layout","footnotes":""},"categories":[20],"tags":[],"class_list":["post-42997","post","type-post","status-publish","format-standard","hentry","category-besondere-neuigkeiten"],"_links":{"self":[{"href":"https:\/\/hier-luebeck.de\/index.php\/wp-json\/wp\/v2\/posts\/42997","targetHints":{"allow":["GET"]}}],"collection":[{"href":"https:\/\/hier-luebeck.de\/index.php\/wp-json\/wp\/v2\/posts"}],"about":[{"href":"https:\/\/hier-luebeck.de\/index.php\/wp-json\/wp\/v2\/types\/post"}],"author":[{"embeddable":true,"href":"https:\/\/hier-luebeck.de\/index.php\/wp-json\/wp\/v2\/users\/3"}],"replies":[{"embeddable":true,"href":"https:\/\/hier-luebeck.de\/index.php\/wp-json\/wp\/v2\/comments?post=42997"}],"version-history":[{"count":0,"href":"https:\/\/hier-luebeck.de\/index.php\/wp-json\/wp\/v2\/posts\/42997\/revisions"}],"wp:attachment":[{"href":"https:\/\/hier-luebeck.de\/index.php\/wp-json\/wp\/v2\/media?parent=42997"}],"wp:term":[{"taxonomy":"category","embeddable":true,"href":"https:\/\/hier-luebeck.de\/index.php\/wp-json\/wp\/v2\/categories?post=42997"},{"taxonomy":"post_tag","embeddable":true,"href":"https:\/\/hier-luebeck.de\/index.php\/wp-json\/wp\/v2\/tags?post=42997"}],"curies":[{"name":"wp","href":"https:\/\/api.w.org\/{rel}","templated":true}]}}