{"id":43152,"date":"2011-09-19T13:39:02","date_gmt":"2011-09-19T13:39:02","guid":{"rendered":"http:\/\/www.hier-luebeck.de\/2011\/09\/fw-se-feuerwehr-hilft-brandverletzten-kindern\/"},"modified":"2011-09-19T13:39:02","modified_gmt":"2011-09-19T13:39:02","slug":"fw-se-feuerwehr-hilft-brandverletzten-kindern","status":"publish","type":"post","link":"https:\/\/hier-luebeck.de\/index.php\/fw-se-feuerwehr-hilft-brandverletzten-kindern\/","title":{"rendered":"FW-SE: Feuerwehr hilft brandverletzten Kindern"},"content":{"rendered":"<p><img decoding=\"async\" class=\"alignleft size-full\" src=\"http:\/\/www.presseportal.de\/bild\/195936-preview-img-2825.jpg\" \/><\/p>\n<p>Bad Segeberg (ots) &#8211; Klein R\u00f6nnau &#8211; Fit For Fire, das war das  Motto der Kameradinnen und Kameraden des Kreisfeuerwehrverbandes bei  diesj\u00e4hrigen Spendenlauf um den gro\u00dfen Segeberger See und den Ihlsee. Der Erl\u00f6s des Laufes ging wie auch im letzten Jahr an den Verein f\u00fcr  brandverletzte Kinder Paulinchen e.V.     Rund 90 L\u00e4ufer nahmen am Lauf teil.<!--more--> Die L\u00e4ufer hatten die Auswahl  zwischen maximal 9,5 km bis 3,2 km Laufen. Gewalkt wurde auf einer  Distanz von 6,5km. Nach 37,48 min kam als erster der gro\u00dfen Strecke  Michael Knebel ins Ziel. Knebel nahm das erste Mal an dem Lauf teil.  Auf die Frage was ihm an der Strecke besonders gut gefallen habe  meinte er, die sprichw\u00f6rtlichen Stipsdorfer Alpen h\u00e4tten ihn  gefordert. Die Strecke sei so Knebel sehr abwechslungsreich und die  L\u00e4ufer seien bei diesem Wetter zus\u00e4tzlich mit guten Aussichten  belohnt worden.     In der Siegerehrung  dankte der stellvertretende Kreiswehrf\u00fchrer  Rolf Gloyer den L\u00e4ufern f\u00fcr die Teilnahme und die guten Leitungen.  Das Startgeld der L\u00e4ufer von \u00fcber 400EUR  beeindruckte auch die  Vertreterin von Paulinchen Renate Krohn. Der Verein betreibt  Aufkl\u00e4rung, halt Seminare und hilft nat\u00fcrlich bei der Verarbeitung  von Verletzungen. Nach einem Unfall mit Verbrennungen oder  Verbr\u00fchungen sind nicht nur die Kinder traumatisiert, auch die Eltern plagen sich meist mit Schuldgef\u00fchlen, so frau Krohn. Das Geld soll  nun den Kindern zu Gute kommen. Die Sportler scheinen froh, f\u00fcr  diesen guten Zweck ihre Leistungen gezeigt zu haben.     Platzierungen im Berreich des KFV Segeberg unter  www.kfv-segeberg.orgdownload     <\/p>\n<p>Quelle: <a href=\"http:\/\/www.presseportal.de\/polizeipresse\/pm\/68034\/2114946\/fw-se-feuerwehr-hilft-brandverletzten-kindern\/api\" target=\"_blank\">presseportal.de<\/a><\/p>\n","protected":false},"excerpt":{"rendered":"<p>Bad Segeberg (ots) &#8211; Klein R\u00f6nnau &#8211; Fit For Fire, das war das Motto der Kameradinnen und Kameraden des Kreisfeuerwehrverbandes<\/p>\n","protected":false},"author":3,"featured_media":0,"comment_status":"open","ping_status":"open","sticky":false,"template":"","format":"standard","meta":{"colormag_page_container_layout":"default_layout","colormag_page_sidebar_layout":"default_layout","footnotes":""},"categories":[20],"tags":[],"class_list":["post-43152","post","type-post","status-publish","format-standard","hentry","category-besondere-neuigkeiten"],"_links":{"self":[{"href":"https:\/\/hier-luebeck.de\/index.php\/wp-json\/wp\/v2\/posts\/43152","targetHints":{"allow":["GET"]}}],"collection":[{"href":"https:\/\/hier-luebeck.de\/index.php\/wp-json\/wp\/v2\/posts"}],"about":[{"href":"https:\/\/hier-luebeck.de\/index.php\/wp-json\/wp\/v2\/types\/post"}],"author":[{"embeddable":true,"href":"https:\/\/hier-luebeck.de\/index.php\/wp-json\/wp\/v2\/users\/3"}],"replies":[{"embeddable":true,"href":"https:\/\/hier-luebeck.de\/index.php\/wp-json\/wp\/v2\/comments?post=43152"}],"version-history":[{"count":0,"href":"https:\/\/hier-luebeck.de\/index.php\/wp-json\/wp\/v2\/posts\/43152\/revisions"}],"wp:attachment":[{"href":"https:\/\/hier-luebeck.de\/index.php\/wp-json\/wp\/v2\/media?parent=43152"}],"wp:term":[{"taxonomy":"category","embeddable":true,"href":"https:\/\/hier-luebeck.de\/index.php\/wp-json\/wp\/v2\/categories?post=43152"},{"taxonomy":"post_tag","embeddable":true,"href":"https:\/\/hier-luebeck.de\/index.php\/wp-json\/wp\/v2\/tags?post=43152"}],"curies":[{"name":"wp","href":"https:\/\/api.w.org\/{rel}","templated":true}]}}