{"id":43153,"date":"2011-09-19T13:34:38","date_gmt":"2011-09-19T13:34:38","guid":{"rendered":"http:\/\/www.hier-luebeck.de\/2011\/09\/fw-se-leistungsspange-im-team-jugendfeuerwehr\/"},"modified":"2011-09-19T13:34:38","modified_gmt":"2011-09-19T13:34:38","slug":"fw-se-leistungsspange-im-team-jugendfeuerwehr","status":"publish","type":"post","link":"https:\/\/hier-luebeck.de\/index.php\/fw-se-leistungsspange-im-team-jugendfeuerwehr\/","title":{"rendered":"FW-SE: Leistungsspange im TEAM Jugendfeuerwehr"},"content":{"rendered":"<p><img decoding=\"async\" class=\"alignleft size-full\" src=\"http:\/\/www.presseportal.de\/bild\/195929-preview-kugelsto-en.jpg\" \/><\/p>\n<p>Bad Segeberg (ots) &#8211; Nahe  &#8211; Bewundernswert, die Jugendlichen der  Jugendfeuerwehren! Bei der Abnahme der Leistungsspange am Samstag an  der Grund- und Gemeinschaftsschule in Nahe zeigten die Jungen und  M\u00e4dchen wahren Teamgeist. Nur wer mit der ganzen Gruppe die  erforderlichen Leistungen erbrachte hatte, konnte die begehrte Spange mit nach Hause nehmen.<!--more--> 32 Gruppen aus ganz Schleswig &#8211; Holstein  hatten sich auf den Weg gemacht um ihre Pr\u00fcfung abzulegen.     Sowohl sportlich, nat\u00fcrlich Fit im Allgemeinwissen und  feuerwehrtechnisch als auch diszipliniert, das mussten die rund 250  Jugendlichen sein um zu bestehen. In den Einzelabschnitten 1400m  Staffellauf, 56m Kugelsto\u00dfen, Theorie, dem L\u00f6schangriff nach der  Feuerwehrdienstvorschrift 3 und der 160m Schlauchstafette zeigten sie was sie k\u00f6nnen. Jede Einzelpr\u00fcfung musste bestanden sein und die  Gesamtpunktzahl nicht unter 10 Punkten sein. Die Jugendlichen  trainierten im Voraus f\u00fcr die Bewertung, so war Kreisjugendwart  Sebastian Sahling beeindruckt \u00fcber die gezeigten Leistungen der  Teilnehmer.     28 Gruppen davon \u00fcber 200 Spangen wurden am Ende in ehrenvoller  Atmosph\u00e4re verliehen. Die \u00fcber 20 Bewerter hefteten den stolzen  M\u00e4dchen und Jungen die Auszeichnung an ihre Uniform. Auch  Landesjugendwart Dirk Tschechne lie\u00df es sich nicht nehmen den  Jugendlichen selbst zu gratulieren. Er dankte vor allem aber den  zahlreich erschienen Bewertern an oberster Stelle Ingo Sauer, der aus Flensburg gekommen war. Au\u00dferdem lobte er den Ausrichter die  Jugendfeuerwehr und aktive Wehr Nahe und dessen  Jugendwart Bj\u00f6rn  Hansen. Mit erhobener stolzgeschwellter Brust ging es nach der  Verleihung zur\u00fcck in die Heimatgemeinde, wo der eine oder andere  bestimmt noch gefeiert wurde.     <\/p>\n<p>Quelle: <a href=\"http:\/\/www.presseportal.de\/polizeipresse\/pm\/68034\/2114938\/fw-se-leistungsspange-im-team-jugendfeuerwehr\/api\" target=\"_blank\">presseportal.de<\/a><\/p>\n","protected":false},"excerpt":{"rendered":"<p>Bad Segeberg (ots) &#8211; Nahe &#8211; Bewundernswert, die Jugendlichen der Jugendfeuerwehren! Bei der Abnahme der Leistungsspange am Samstag an der<\/p>\n","protected":false},"author":3,"featured_media":0,"comment_status":"open","ping_status":"open","sticky":false,"template":"","format":"standard","meta":{"colormag_page_container_layout":"default_layout","colormag_page_sidebar_layout":"default_layout","footnotes":""},"categories":[20],"tags":[],"class_list":["post-43153","post","type-post","status-publish","format-standard","hentry","category-besondere-neuigkeiten"],"_links":{"self":[{"href":"https:\/\/hier-luebeck.de\/index.php\/wp-json\/wp\/v2\/posts\/43153","targetHints":{"allow":["GET"]}}],"collection":[{"href":"https:\/\/hier-luebeck.de\/index.php\/wp-json\/wp\/v2\/posts"}],"about":[{"href":"https:\/\/hier-luebeck.de\/index.php\/wp-json\/wp\/v2\/types\/post"}],"author":[{"embeddable":true,"href":"https:\/\/hier-luebeck.de\/index.php\/wp-json\/wp\/v2\/users\/3"}],"replies":[{"embeddable":true,"href":"https:\/\/hier-luebeck.de\/index.php\/wp-json\/wp\/v2\/comments?post=43153"}],"version-history":[{"count":0,"href":"https:\/\/hier-luebeck.de\/index.php\/wp-json\/wp\/v2\/posts\/43153\/revisions"}],"wp:attachment":[{"href":"https:\/\/hier-luebeck.de\/index.php\/wp-json\/wp\/v2\/media?parent=43153"}],"wp:term":[{"taxonomy":"category","embeddable":true,"href":"https:\/\/hier-luebeck.de\/index.php\/wp-json\/wp\/v2\/categories?post=43153"},{"taxonomy":"post_tag","embeddable":true,"href":"https:\/\/hier-luebeck.de\/index.php\/wp-json\/wp\/v2\/tags?post=43153"}],"curies":[{"name":"wp","href":"https:\/\/api.w.org\/{rel}","templated":true}]}}