{"id":43205,"date":"2011-09-20T09:10:53","date_gmt":"2011-09-20T07:10:53","guid":{"rendered":"http:\/\/www.hier-luebeck.de\/?p=43205"},"modified":"2011-09-20T09:10:53","modified_gmt":"2011-09-20T07:10:53","slug":"meldepflichtiges-ereignis-im-kernkraftwerk-krummel-4","status":"publish","type":"post","link":"https:\/\/hier-luebeck.de\/index.php\/meldepflichtiges-ereignis-im-kernkraftwerk-krummel-4\/","title":{"rendered":"Meldepflichtiges Ereignis im Kernkraftwerk Kr\u00fcmmel"},"content":{"rendered":"<p>GEESTHACHT\/KIEL. Im abgeschalteten Kernkraftwerk Kr\u00fcmmel hat bei einer wiederkehrenden Pr\u00fcfung ein Absperrventil im<br \/>\nSicherheitsbeh\u00e4lter-R\u00fcckf\u00f6rdersystem nicht automatisch ge\u00f6ffnet. Grund war eine defekte Spule in einem Schalter.<!--more--> Im An-forderungsfall h\u00e4tte in einem der drei vorhandenen Str\u00e4nge die Funktion &#8222;Fluten&#8220; nicht zur Verf\u00fcgung gestanden. F\u00fcr das Fluten w\u00e4re ein Strang ausreichend. Der Schalter wurde ausgetauscht, die defekte Spule wird untersucht.<\/p>\n<p>Die Kernkraftwerksbetreiberin hat dieses Meldepflichtige Ereignis der Atomaufsicht heute (19. September) fristgerecht nach der Kategorie &#8222;N&#8220; (&#8222;Normalmeldung&#8220;) gemeldet.<\/p>\n<p>Die Atomaufsicht hat unabh\u00e4ngige Sachverst\u00e4ndige zur Kl\u00e4rung der Schadensursache hinzugezogen.<\/p>\n","protected":false},"excerpt":{"rendered":"<p>GEESTHACHT\/KIEL. Im abgeschalteten Kernkraftwerk Kr\u00fcmmel hat bei einer wiederkehrenden Pr\u00fcfung ein Absperrventil im Sicherheitsbeh\u00e4lter-R\u00fcckf\u00f6rdersystem nicht automatisch ge\u00f6ffnet. Grund war eine<\/p>\n","protected":false},"author":3,"featured_media":0,"comment_status":"open","ping_status":"open","sticky":false,"template":"","format":"standard","meta":{"colormag_page_container_layout":"default_layout","colormag_page_sidebar_layout":"default_layout","footnotes":""},"categories":[5],"tags":[],"class_list":["post-43205","post","type-post","status-publish","format-standard","hentry","category-politik-wirtschaft"],"_links":{"self":[{"href":"https:\/\/hier-luebeck.de\/index.php\/wp-json\/wp\/v2\/posts\/43205","targetHints":{"allow":["GET"]}}],"collection":[{"href":"https:\/\/hier-luebeck.de\/index.php\/wp-json\/wp\/v2\/posts"}],"about":[{"href":"https:\/\/hier-luebeck.de\/index.php\/wp-json\/wp\/v2\/types\/post"}],"author":[{"embeddable":true,"href":"https:\/\/hier-luebeck.de\/index.php\/wp-json\/wp\/v2\/users\/3"}],"replies":[{"embeddable":true,"href":"https:\/\/hier-luebeck.de\/index.php\/wp-json\/wp\/v2\/comments?post=43205"}],"version-history":[{"count":0,"href":"https:\/\/hier-luebeck.de\/index.php\/wp-json\/wp\/v2\/posts\/43205\/revisions"}],"wp:attachment":[{"href":"https:\/\/hier-luebeck.de\/index.php\/wp-json\/wp\/v2\/media?parent=43205"}],"wp:term":[{"taxonomy":"category","embeddable":true,"href":"https:\/\/hier-luebeck.de\/index.php\/wp-json\/wp\/v2\/categories?post=43205"},{"taxonomy":"post_tag","embeddable":true,"href":"https:\/\/hier-luebeck.de\/index.php\/wp-json\/wp\/v2\/tags?post=43205"}],"curies":[{"name":"wp","href":"https:\/\/api.w.org\/{rel}","templated":true}]}}