{"id":43296,"date":"2011-09-21T09:34:28","date_gmt":"2011-09-21T07:34:28","guid":{"rendered":"http:\/\/www.hier-luebeck.de\/?p=43296"},"modified":"2011-09-21T09:34:28","modified_gmt":"2011-09-21T07:34:28","slug":"marchenhafte-reise-um-die-welt-2","status":"publish","type":"post","link":"https:\/\/hier-luebeck.de\/index.php\/marchenhafte-reise-um-die-welt-2\/","title":{"rendered":"M\u00e4rchenhafte Reise um die Welt"},"content":{"rendered":"<p>Freitag, 23. September 2011, 15 uhr<br \/>\nKunsthalle St. Annen, L\u00fcbeck<\/p>\n<p>Zuh\u00f6ren und die Welt vergessen\u2026 Am Freitagnachmittag, 23. September,  gibt es in der Kunsthalle St. Annen in L\u00fcbeck wieder eine gem\u00fctliche M\u00e4rchenstunde. Prof. Dr. Renate Kastorff-Viehmann von der Gesellschaft f\u00fcr Geographie und V\u00f6lkerkunde wird in der Ausstellung \u201eWelten entdecken\u201c Geschichten aus Botswana vorlesen. Die Veranstaltung, die unter dem Motto \u201eM\u00e4rchenhafte Reise um die Welt\u201c steht, beginnt um 15 Uhr und dauert etwa eine Stunde. Die Teilnahme kostet 7 Euro\/3,50 Euro\/1 Euro.<\/p>\n","protected":false},"excerpt":{"rendered":"<p>Freitag, 23. September 2011, 15 uhr Kunsthalle St. Annen, L\u00fcbeck Zuh\u00f6ren und die Welt vergessen\u2026 Am Freitagnachmittag, 23. September, gibt<\/p>\n","protected":false},"author":3,"featured_media":0,"comment_status":"open","ping_status":"open","sticky":false,"template":"","format":"standard","meta":{"colormag_page_container_layout":"default_layout","colormag_page_sidebar_layout":"default_layout","footnotes":""},"categories":[13],"tags":[],"class_list":["post-43296","post","type-post","status-publish","format-standard","hentry","category-veranstaltungen"],"_links":{"self":[{"href":"https:\/\/hier-luebeck.de\/index.php\/wp-json\/wp\/v2\/posts\/43296","targetHints":{"allow":["GET"]}}],"collection":[{"href":"https:\/\/hier-luebeck.de\/index.php\/wp-json\/wp\/v2\/posts"}],"about":[{"href":"https:\/\/hier-luebeck.de\/index.php\/wp-json\/wp\/v2\/types\/post"}],"author":[{"embeddable":true,"href":"https:\/\/hier-luebeck.de\/index.php\/wp-json\/wp\/v2\/users\/3"}],"replies":[{"embeddable":true,"href":"https:\/\/hier-luebeck.de\/index.php\/wp-json\/wp\/v2\/comments?post=43296"}],"version-history":[{"count":0,"href":"https:\/\/hier-luebeck.de\/index.php\/wp-json\/wp\/v2\/posts\/43296\/revisions"}],"wp:attachment":[{"href":"https:\/\/hier-luebeck.de\/index.php\/wp-json\/wp\/v2\/media?parent=43296"}],"wp:term":[{"taxonomy":"category","embeddable":true,"href":"https:\/\/hier-luebeck.de\/index.php\/wp-json\/wp\/v2\/categories?post=43296"},{"taxonomy":"post_tag","embeddable":true,"href":"https:\/\/hier-luebeck.de\/index.php\/wp-json\/wp\/v2\/tags?post=43296"}],"curies":[{"name":"wp","href":"https:\/\/api.w.org\/{rel}","templated":true}]}}