{"id":43403,"date":"2011-09-22T13:16:04","date_gmt":"2011-09-22T11:16:04","guid":{"rendered":"http:\/\/www.hier-luebeck.de\/?p=43403"},"modified":"2011-09-22T13:16:04","modified_gmt":"2011-09-22T11:16:04","slug":"werkkunstschule-logo-fur-klimaschutz-in-lubeck-entworfen","status":"publish","type":"post","link":"https:\/\/hier-luebeck.de\/index.php\/werkkunstschule-logo-fur-klimaschutz-in-lubeck-entworfen\/","title":{"rendered":"Werkkunstschule: Logo f\u00fcr Klimaschutz in L\u00fcbeck entworfen"},"content":{"rendered":"<p>Ziel: Gemeinsame Klimaschutzaktionen \u2013 alle 5 Jahre 10 Prozent weniger Treibhausgase<\/p>\n<p>F\u00fcr den Klimaschutz in L\u00fcbeck soll ein Netzwerk von Akteuren aufgebaut werden, das den Klimaschutz in unserer Stadt f\u00f6rdert und aktiv durch Projekte unterst\u00fctzt. Um die Arbeit der Aktionsgruppe nach au\u00dfen zu vertreten, wurde nach einem verbindenden Element gesucht. Die Klimaschutzleitstelle hat sich mit diesem Anliegen an die Werkkunstschule gewandt und sich f\u00fcr den Entwurf von Christopher Held entschieden. Am 22. August wurde es Herrn Senator Bernd M\u00f6ller feierlich \u00fcbergeben.<!--more--><\/p>\n<p>Die Klimaschutzleitstelle legt damit ihren Vorschlag f\u00fcr eine gemeinsame Darstellung vor. Letztendlich sollen auch nichtst\u00e4dtische Akteure (wie Umweltverb\u00e4nde, Betriebe, Energieversorger u. a.) unter diesem Logo lokale Klimaschutzaktionen durchf\u00fchren.<\/p>\n<p>Das gemeinsame Ziel ist, alle f\u00fcnf Jahre zehn Prozent der in L\u00fcbeck verursachten Treibhausgase, emittiert durch Heizung, Stromverbrauch, Verkehr, einzusparen. \u201eEs kommt auf jeden Einzelnen an! Wir schaffen das nur gemeinsam!\u201c, so Andreas Fey, Leiter der Klimaschutzleitstelle L\u00fcbeck.<\/p>\n","protected":false},"excerpt":{"rendered":"<p>Ziel: Gemeinsame Klimaschutzaktionen \u2013 alle 5 Jahre 10 Prozent weniger Treibhausgase F\u00fcr den Klimaschutz in L\u00fcbeck soll ein Netzwerk von<\/p>\n","protected":false},"author":3,"featured_media":0,"comment_status":"open","ping_status":"open","sticky":false,"template":"","format":"standard","meta":{"colormag_page_container_layout":"default_layout","colormag_page_sidebar_layout":"default_layout","footnotes":""},"categories":[20],"tags":[],"class_list":["post-43403","post","type-post","status-publish","format-standard","hentry","category-besondere-neuigkeiten"],"_links":{"self":[{"href":"https:\/\/hier-luebeck.de\/index.php\/wp-json\/wp\/v2\/posts\/43403","targetHints":{"allow":["GET"]}}],"collection":[{"href":"https:\/\/hier-luebeck.de\/index.php\/wp-json\/wp\/v2\/posts"}],"about":[{"href":"https:\/\/hier-luebeck.de\/index.php\/wp-json\/wp\/v2\/types\/post"}],"author":[{"embeddable":true,"href":"https:\/\/hier-luebeck.de\/index.php\/wp-json\/wp\/v2\/users\/3"}],"replies":[{"embeddable":true,"href":"https:\/\/hier-luebeck.de\/index.php\/wp-json\/wp\/v2\/comments?post=43403"}],"version-history":[{"count":0,"href":"https:\/\/hier-luebeck.de\/index.php\/wp-json\/wp\/v2\/posts\/43403\/revisions"}],"wp:attachment":[{"href":"https:\/\/hier-luebeck.de\/index.php\/wp-json\/wp\/v2\/media?parent=43403"}],"wp:term":[{"taxonomy":"category","embeddable":true,"href":"https:\/\/hier-luebeck.de\/index.php\/wp-json\/wp\/v2\/categories?post=43403"},{"taxonomy":"post_tag","embeddable":true,"href":"https:\/\/hier-luebeck.de\/index.php\/wp-json\/wp\/v2\/tags?post=43403"}],"curies":[{"name":"wp","href":"https:\/\/api.w.org\/{rel}","templated":true}]}}