{"id":43409,"date":"2011-09-22T13:29:42","date_gmt":"2011-09-22T11:29:42","guid":{"rendered":"http:\/\/www.hier-luebeck.de\/?p=43409"},"modified":"2011-09-22T13:29:42","modified_gmt":"2011-09-22T11:29:42","slug":"bredstedt-erweitert-gewerbegebiet-nord-ost-land-fordert-mit-570-000-euro","status":"publish","type":"post","link":"https:\/\/hier-luebeck.de\/index.php\/bredstedt-erweitert-gewerbegebiet-nord-ost-land-fordert-mit-570-000-euro\/","title":{"rendered":"Bredstedt erweitert Gewerbegebiet Nord-Ost &#8211; Land f\u00f6rdert mit 570.000 Euro"},"content":{"rendered":"<p>Mit rund 570.000 Euro aus dem Zukunftsprogramm Wirtschaft unterst\u00fctzt das Wirtschaftsministerium die Stadt Bredstedt bei der Erweiterung des Gewerbegebiets Nord-Ost um rund 5,3 Hektar. Ein entsprechender Zuwendungsbescheid wurde jetzt der Stadt \u00fcbersandt. \u201e&#8220;Die Erweiterung ist notwendig geworden, da die Fl\u00e4chen des vorhandenen Gewerbegebietes bereits weitgehend ver\u00e4u\u00dfert sind und bereits jetzt konkrete Nachfragen heimischer Firmen nach Gewerbefl\u00e4chen vorliegen, die zeitnah ihre Betriebe erweitern wollen&#8220;\u201c, begr\u00fcndete Staatssekret\u00e4rin Dr. Cordelia Andre\u00dfen die F\u00f6rderung. Die F\u00f6rderung von kommunalen Gewerbegebieten sei ein wichtiger Baustein in der Mittelstandsoffensive Schleswig-Holstein. \u201e&#8220;Auf diese Weise erhalten Kommunen die M\u00f6glichkeit, aktiv Ansiedlungspolitik f\u00fcr kleine und mittlere Unternehmen zu betreiben&#8220;\u201c, sagte die Staatssekret\u00e4rin.<!--more--><\/p>\n<p>Geplant ist die Erweiterung des bestehenden Gewerbegebietes \u201eRosenburger Weg\u201c in der Stadt Bredstedt. Die Erweiterung soll in drei Bauabschnitten erfolgen. Der erste Bauabschnitt soll s\u00fcdlich, der zweite und dritte Abschnitt n\u00f6rdlich des bestehenden Gewerbegebietes entstehen. Das Gebiet wird begrenzt durch die Flensburger Stra\u00dfe im Osten, dem \u201eGraben 23\u201c im Westen, der geplanten Bundesstra\u00dfe 5 im Norden sowie dem Gebiet Oldenh\u00f6rn im S\u00fcden.<\/p>\n<p>Seit Beginn der Mittelstandsoffensive im Sommer des letzten Jahres habe das Land die Erschlie\u00dfung von 57,6 Hektar neuer Gewerbegebietsfl\u00e4chen gef\u00f6rdert. Der in der Offensive festgelegte Meilenstein &#8222;&#8220;F\u00f6rderung der Erschlie\u00dfung von 40 Hektar Gewerbefl\u00e4che bis zum Jahre 2013&#8243; sei damit bereits in diesem Jahr deutlich \u00fcbertroffen. \u201eSo entstehen wichtige Impulse f\u00fcr die weitere Entwicklung in den Regionen&#8220;\u201c, sagte Dr. Andre\u00dfen. \u201e&#8220;Insgesamt haben wir damit die Voraussetzung f\u00fcr gut 1.700 Arbeitspl\u00e4tze geschaffen.&#8220;\u201c Nach der vollst\u00e4ndigen Erschlie\u00dfung des Gewerbegebiets in Bredstedt sei langfristig mit der Schaffung bzw. dem Erhalt von \u00fcber 250 Arbeitspl\u00e4tzen zu rechnen.<\/p>\n<p>Zukunftsprogramm Wirtschaft<\/p>\n<p>In das Zukunftsprogramm Wirtschaft flie\u00dfen im Zeitraum 2007 \u2013 2013 rund 704 Millionen Euro f\u00fcr die wirtschafts- und regionalpolitische F\u00f6rderung in Schleswig-Holstein, davon rund 374 Mio. Euro aus dem Europ\u00e4ischen Fonds f\u00fcr regionale Entwicklung (EFRE), rund 208 Mio. Euro aus der Bund-L\u00e4nder-Gemeinschaftsaufgabe \u201eVerbesserung der regionalen Wirtschaftsstruktur&#8220; (GRW) sowie erg\u00e4nzenden Landesmitteln in H\u00f6he von rund 122 Mio. Euro.<\/p>\n","protected":false},"excerpt":{"rendered":"<p>Mit rund 570.000 Euro aus dem Zukunftsprogramm Wirtschaft unterst\u00fctzt das Wirtschaftsministerium die Stadt Bredstedt bei der Erweiterung des Gewerbegebiets Nord-Ost<\/p>\n","protected":false},"author":3,"featured_media":0,"comment_status":"open","ping_status":"open","sticky":false,"template":"","format":"standard","meta":{"colormag_page_container_layout":"default_layout","colormag_page_sidebar_layout":"default_layout","footnotes":""},"categories":[5],"tags":[],"class_list":["post-43409","post","type-post","status-publish","format-standard","hentry","category-politik-wirtschaft"],"_links":{"self":[{"href":"https:\/\/hier-luebeck.de\/index.php\/wp-json\/wp\/v2\/posts\/43409","targetHints":{"allow":["GET"]}}],"collection":[{"href":"https:\/\/hier-luebeck.de\/index.php\/wp-json\/wp\/v2\/posts"}],"about":[{"href":"https:\/\/hier-luebeck.de\/index.php\/wp-json\/wp\/v2\/types\/post"}],"author":[{"embeddable":true,"href":"https:\/\/hier-luebeck.de\/index.php\/wp-json\/wp\/v2\/users\/3"}],"replies":[{"embeddable":true,"href":"https:\/\/hier-luebeck.de\/index.php\/wp-json\/wp\/v2\/comments?post=43409"}],"version-history":[{"count":0,"href":"https:\/\/hier-luebeck.de\/index.php\/wp-json\/wp\/v2\/posts\/43409\/revisions"}],"wp:attachment":[{"href":"https:\/\/hier-luebeck.de\/index.php\/wp-json\/wp\/v2\/media?parent=43409"}],"wp:term":[{"taxonomy":"category","embeddable":true,"href":"https:\/\/hier-luebeck.de\/index.php\/wp-json\/wp\/v2\/categories?post=43409"},{"taxonomy":"post_tag","embeddable":true,"href":"https:\/\/hier-luebeck.de\/index.php\/wp-json\/wp\/v2\/tags?post=43409"}],"curies":[{"name":"wp","href":"https:\/\/api.w.org\/{rel}","templated":true}]}}