{"id":43411,"date":"2011-09-22T13:30:30","date_gmt":"2011-09-22T11:30:30","guid":{"rendered":"http:\/\/www.hier-luebeck.de\/?p=43411"},"modified":"2011-09-22T13:30:30","modified_gmt":"2011-09-22T11:30:30","slug":"starkung-der-medienkompetenz-bildungsministerium-und-offener-kanal-schliesen-kooperations-vertrag","status":"publish","type":"post","link":"https:\/\/hier-luebeck.de\/index.php\/starkung-der-medienkompetenz-bildungsministerium-und-offener-kanal-schliesen-kooperations-vertrag\/","title":{"rendered":"St\u00e4rkung der Medienkompetenz: Bildungsministerium und Offener Kanal schlie\u00dfen Kooperations-Vertrag"},"content":{"rendered":"<p>KIEL. Das Ministerium f\u00fcr Bildung und Kultur und der Offene Kanal Schleswig-Holstein (OKSH) haben heute (22. September) eine Rahmenvereinbarung f\u00fcr eine Zusammenarbeit unterschrieben, mit der die Medienkompetenz in Schulen, Einrichtungen der Kinder- und Jugendarbeit sowie des p\u00e4dagogischen Personals gef\u00f6rdert und gesteigert werden soll. \u201eMedienkompetenz wird immer mehr zu einer Schl\u00fcsselqualifikation in der Wissensgesellschaft &#8211; ich freue mich daher \u00fcber diese Kooperation mit dem Offenen Kanal\u201c, betonte Bildungsminister Dr. Ekkehard Klug. Peter Willers, Leiter des Offenen Kanals, sagte: \u201eRundfunk und Bildung ziehen an einem Strang. Das erm\u00f6glicht die Vermittlung von Medienkompetenz auf breiter Ebene.&#8220;<!--more--><\/p>\n<p>Der Minister und der Leiter des OKSH, Peter Willers, pr\u00e4sentierten ein erstes Produkt ihrer Zusammenarbeit, eine medienp\u00e4dagogische Projektbibliothek f\u00fcr sozialp\u00e4dagogische Fachkr\u00e4fte (www.medienerzieher.de). In dieser Bibliothek werden Projekte nicht nur aus Schleswig-Holstein auf einer einfach zu bedienenden Datenbankoberfl\u00e4che dargestellt. Das Ministerium unterst\u00fctzt den Offenen Kanal bei der Erschlie\u00dfung dieser Medienprojekte aus den Schulen des Landes. \u201eDas Motto ist: Wer gute Projekte macht, soll sie auch zeigen\u201c, sagte der Bildungsminister. Andersherum k\u00f6nne jeder Interessierte von den in der Netz-Bibliothek ver\u00f6ffentlichten Ideen profitieren. \u201eWirklich gute Ideen sind viel zu schade, um nur einmal verwendet zu werden\u201c, betonte Klug.<\/p>\n<p>Im Zentrum der Kooperationsvereinbarungen stehen sechs zentrale Vorhaben:<br \/>\n&#8211; Gemeinsame Fortbildungen von Multiplikatoren. D. h., Lehrkr\u00e4fte an den Fachschulen und Berufsfachschulen f\u00fcr Sozialp\u00e4dagogik werden fortgebildet, es gibt Ausbildungsmodule f\u00fcr Referendarinnen und Referendare, die Lehrkr\u00e4fte an Fachschulen und Berufsfachschulen f\u00fcr Sozialp\u00e4dagogik werden.<br \/>\n&#8211; Die Vernetzung von Kitas und Fachschulen durch eine medienp\u00e4dagogische Projektbibliothek.<br \/>\n&#8211; Einrichtung von Medienkompetenz-Pilotschulen. An den vier Standorten Kiel, Flensburg, L\u00fcbeck und Heide entwickelt der Offene Kanal Schleswig-Holstein eine besondere Partnerschaft zu jeweils einer \u201eMedienkompetenz-Pilotschule\u201c.<br \/>\n&#8211; Sch\u00fcler-Medien-Lotsen. Der Offene Kanal bildet \u201eSch\u00fcler-Medien-Lotsen\u201c aus, die als Sch\u00fclerinnen und Sch\u00fcler der 10. Klassen medienpraktische und medienp\u00e4dagogische Module sowie Jugendleiter-Module absolvieren. Sie leiten dann nachher in den 11. und 12. Klassen selbst eine Medien-AG.<br \/>\n&#8211; Au\u00dfenstudios H\u00f6rfunk. Der Offene Kanal richtet in ausgew\u00e4hlten Schulen in Schleswig-Holstein Au\u00dfenstudios mit Live-Sendem\u00f6glichkeit ein.<br \/>\n&#8211; Entwicklung eines Aufbaubildungsganges Medienp\u00e4dagogik an einer Fachschule f\u00fcr Sozialp\u00e4dagogik. So wird die Einrichtung eine Aufbaubildungsgangs \u201eMedienp\u00e4dagogik\u201c an der Fachschule Pl\u00f6n\/ Preetz von den Kooperationspartnern gepr\u00fcft. Der Ausbildungsgang soll in Teilzeitform und berufsbegleitend eine systematische Zusatzqualifikation vermitteln. Dieser Aufbaubildungsgang erg\u00e4nzt, vertieft und erweitert die beruflichen F\u00e4higkeiten und Kenntnisse im Bereich der Medienp\u00e4dagogik, die die Sch\u00fclerinnen und Sch\u00fcler bereits in einem Fachschulbildungsgang erworben haben.<\/p>\n","protected":false},"excerpt":{"rendered":"<p>KIEL. Das Ministerium f\u00fcr Bildung und Kultur und der Offene Kanal Schleswig-Holstein (OKSH) haben heute (22. September) eine Rahmenvereinbarung f\u00fcr<\/p>\n","protected":false},"author":3,"featured_media":0,"comment_status":"open","ping_status":"open","sticky":false,"template":"","format":"standard","meta":{"colormag_page_container_layout":"default_layout","colormag_page_sidebar_layout":"default_layout","footnotes":""},"categories":[5],"tags":[],"class_list":["post-43411","post","type-post","status-publish","format-standard","hentry","category-politik-wirtschaft"],"_links":{"self":[{"href":"https:\/\/hier-luebeck.de\/index.php\/wp-json\/wp\/v2\/posts\/43411","targetHints":{"allow":["GET"]}}],"collection":[{"href":"https:\/\/hier-luebeck.de\/index.php\/wp-json\/wp\/v2\/posts"}],"about":[{"href":"https:\/\/hier-luebeck.de\/index.php\/wp-json\/wp\/v2\/types\/post"}],"author":[{"embeddable":true,"href":"https:\/\/hier-luebeck.de\/index.php\/wp-json\/wp\/v2\/users\/3"}],"replies":[{"embeddable":true,"href":"https:\/\/hier-luebeck.de\/index.php\/wp-json\/wp\/v2\/comments?post=43411"}],"version-history":[{"count":0,"href":"https:\/\/hier-luebeck.de\/index.php\/wp-json\/wp\/v2\/posts\/43411\/revisions"}],"wp:attachment":[{"href":"https:\/\/hier-luebeck.de\/index.php\/wp-json\/wp\/v2\/media?parent=43411"}],"wp:term":[{"taxonomy":"category","embeddable":true,"href":"https:\/\/hier-luebeck.de\/index.php\/wp-json\/wp\/v2\/categories?post=43411"},{"taxonomy":"post_tag","embeddable":true,"href":"https:\/\/hier-luebeck.de\/index.php\/wp-json\/wp\/v2\/tags?post=43411"}],"curies":[{"name":"wp","href":"https:\/\/api.w.org\/{rel}","templated":true}]}}