{"id":43454,"date":"2011-09-22T12:01:30","date_gmt":"2011-09-22T12:01:30","guid":{"rendered":"http:\/\/www.hier-luebeck.de\/2011\/09\/pol-rz-herzogtum-lauenburg-21-09-2011-mittwochwitzeeze-bei-lauenburg-unfallflucht-polizei-bittet-um-mithilfe\/"},"modified":"2011-09-22T12:01:30","modified_gmt":"2011-09-22T12:01:30","slug":"pol-rz-herzogtum-lauenburg-21-09-2011-mittwochwitzeeze-bei-lauenburg-unfallflucht-polizei-bittet-um-mithilfe","status":"publish","type":"post","link":"https:\/\/hier-luebeck.de\/index.php\/pol-rz-herzogtum-lauenburg-21-09-2011-mittwochwitzeeze-bei-lauenburg-unfallflucht-polizei-bittet-um-mithilfe\/","title":{"rendered":"POL-RZ: Herzogtum Lauenburg\/ 21.09.2011, Mittwoch\nWitzeeze (bei Lauenburg)- Unfallflucht- Polizei bittet um Mithilfe!"},"content":{"rendered":"<p>Ratzeburg (ots) &#8211; Ein Autofahrer zog sich gestern Mittag auf der  Strecke zwischen Witzeeze und B\u00fcchen leichte Verletzungen zu. Der\/  die Verursacher\/- in des Unfalls fl\u00fcchtete. Ein 45- j\u00e4hriger  Lauenburger war gegen 11.25 Uhr mit seinem Opel Astra auf der  Landesstra\u00dfe 200 von Witzeeze aus in Richtung B\u00fcchen unterwegs.<!--more--> Im  Verlauf der dortigen Kurve war ihm offenbar halb auf seinem  Fahrstreifen ein anderer Wagen entgegen gekommen.  Um einen  Zusammensto\u00df zu vermeiden, lenkte der 45- j\u00e4hrige nach rechts, geriet dabei aber auf den Gr\u00fcnstreifen und konnte nicht mehr zur\u00fcck auf die  Fahrbahn lenken. M\u00f6glicherweise aufgrund des starken Gef\u00e4lles des  Gr\u00fcnstreifens rutschte der Opel Astra nach unten auf ein Feld,  durchbrach danach einen Knick und \u00fcberschlug sich. Der Wagen kam auf  dem Dach liegend zum Stehen. Zwei Mitarbeiter der Stra\u00dfenmeisterei  Breitenfelde entdeckten gleich darauf den Opel Astra und kamen dem  Verletzten zur Hilfe. Der 45- j\u00e4hrige zog sich leichte Verletzungen  zu und musste mit dem Rettungswagen ins Krankenhaus gebracht werden.  Der\/ die Fahrer\/- in des anderen Wagens fl\u00fcchtete. Bei diesem Pkw  soll es sich um einen schwarzen Wagen, m\u00f6glicherweise einen Opel  Insignia, gehandelt haben. Die Polizeistation B\u00fcchen bittet Zeugen,  die den Unfall gesehen haben oder etwas zu dem schwarzen Wagen und  dessen Fahrer\/- in sagen k\u00f6nnen, sich dringend mit ihr unter der  Rufnummer 04155\/ 4989- 0 in Verbindung zu setzen.     Sonja Kurz     Pressestelle     <\/p>\n<p>Quelle: <a href=\"http:\/\/www.presseportal.de\/polizeipresse\/pm\/43735\/2117058\/pol-rz-herzogtum-lauenburg-21-09-2011-mittwoch-witzeeze-bei-lauenburg-unfallflucht-polizei-bittet\/api\" target=\"_blank\">presseportal.de<\/a><\/p>\n","protected":false},"excerpt":{"rendered":"<p>Ratzeburg (ots) &#8211; Ein Autofahrer zog sich gestern Mittag auf der Strecke zwischen Witzeeze und B\u00fcchen leichte Verletzungen zu. Der\/<\/p>\n","protected":false},"author":3,"featured_media":0,"comment_status":"open","ping_status":"open","sticky":false,"template":"","format":"standard","meta":{"colormag_page_container_layout":"default_layout","colormag_page_sidebar_layout":"default_layout","footnotes":""},"categories":[20],"tags":[],"class_list":["post-43454","post","type-post","status-publish","format-standard","hentry","category-besondere-neuigkeiten"],"_links":{"self":[{"href":"https:\/\/hier-luebeck.de\/index.php\/wp-json\/wp\/v2\/posts\/43454","targetHints":{"allow":["GET"]}}],"collection":[{"href":"https:\/\/hier-luebeck.de\/index.php\/wp-json\/wp\/v2\/posts"}],"about":[{"href":"https:\/\/hier-luebeck.de\/index.php\/wp-json\/wp\/v2\/types\/post"}],"author":[{"embeddable":true,"href":"https:\/\/hier-luebeck.de\/index.php\/wp-json\/wp\/v2\/users\/3"}],"replies":[{"embeddable":true,"href":"https:\/\/hier-luebeck.de\/index.php\/wp-json\/wp\/v2\/comments?post=43454"}],"version-history":[{"count":0,"href":"https:\/\/hier-luebeck.de\/index.php\/wp-json\/wp\/v2\/posts\/43454\/revisions"}],"wp:attachment":[{"href":"https:\/\/hier-luebeck.de\/index.php\/wp-json\/wp\/v2\/media?parent=43454"}],"wp:term":[{"taxonomy":"category","embeddable":true,"href":"https:\/\/hier-luebeck.de\/index.php\/wp-json\/wp\/v2\/categories?post=43454"},{"taxonomy":"post_tag","embeddable":true,"href":"https:\/\/hier-luebeck.de\/index.php\/wp-json\/wp\/v2\/tags?post=43454"}],"curies":[{"name":"wp","href":"https:\/\/api.w.org\/{rel}","templated":true}]}}