{"id":43467,"date":"2011-09-23T09:30:58","date_gmt":"2011-09-23T07:30:58","guid":{"rendered":"http:\/\/www.hier-luebeck.de\/?p=43467"},"modified":"2011-09-23T09:30:58","modified_gmt":"2011-09-23T07:30:58","slug":"umweltministerin-rumpf-will-vorausschauende-planung-und-interessenausgleich-bei-der-flachennutzung-in-schleswig-holstein","status":"publish","type":"post","link":"https:\/\/hier-luebeck.de\/index.php\/umweltministerin-rumpf-will-vorausschauende-planung-und-interessenausgleich-bei-der-flachennutzung-in-schleswig-holstein\/","title":{"rendered":"Umweltministerin Rumpf will vorausschauende Planung und Interessenausgleich bei der Fl\u00e4chennutzung in Schleswig-Holstein"},"content":{"rendered":"<p>KIEL. Der Wettbewerb unterschiedlicher Interessen um die Frage der Nutzung von Fl\u00e4chen ist auch in Schleswig-Holstein zunehmend ein Thema. Darauf wies Umweltministerin Dr. Juliane Rumpf heute (23. September) im Rahmen einer gemeinsamen Veranstaltung der Landesregierung mit der Christian-Albrechts-Universit\u00e4t hin. Bei der Tagung unter der \u00dcberschrift, &#8222;Nachhaltige Landnutzung \u2013 Konkurrenzen um eine knappe Ressource&#8220;, sagte sie:<!--more--> &#8222;&#8220;Bei der Entscheidung \u00fcber die Fl\u00e4chennutzung r\u00fccken neben den rein betriebswirtschaftlichen Erw\u00e4gungen zunehmend auch gesellschaftliche Anspr\u00fcche in den Blickpunkt.&#8220;&#8220; Neben der Erw\u00e4gung, ob denn Landwirtschaft in Schleswig-Holstein k\u00fcnftig vorwiegend zur Energie- oder zur Nahrungsmittelversorgung beitragen solle, stehe auch die Frage nach den Grenzen des Bodenverbrauchs f\u00fcr Infrastrukturma\u00dfnahmen und deren Naturschutzausgleich im Raum. &#8222;&#8220;Politik, Wissenschaft und alle handelnden Akteure stehen gemeinsam vor der Aufgabe, einen zukunftsf\u00e4higen Ausgleich der verschiedenen Anspr\u00fcche zu gestalten&#8220;&#8220;, forderte Frau Rumpf. Eine zentrale Herausforderung sei gerade die zunehmende Knappheit landwirtschaftlicher Nutzfl\u00e4che. Hierbei, so Juliane Rumpf, w\u00fcrden sich unterschiedliche und zudem in starkem Wandel begriffene landwirtschaftliche Nutzungen und verschiedene au\u00dferlandwirtschaftliche Anspr\u00fcche, etwa Siedlungs- und Infrastrukturentwicklung oder der Gew\u00e4sser- und Naturschutz, gegen\u00fcberstehen.<br \/>\nDaher strebt diese zweite gemeinsame Veranstaltung des Ministeriums und der Universit\u00e4t (2010 ging es um Aspekte nachhaltiger Landwirtschaft) eine \u00dcbersicht \u00fcber Positionen und Gestaltungsspielr\u00e4ume an. &#8222;&#8220;Die \u00fcber 170 Anmeldungen zeugen von der Aktualit\u00e4t des Themas und unterstreichen den Handlungsbedarf&#8220;&#8220;, betonte die Ministerin.<br \/>\nF\u00fcr Interessierte, die die Facetten nachhaltiger Landwirtschaft aus unterschiedlichen Perspektiven weiter vertiefen m\u00f6chten, bieten die beiden Partner im Wintersemester 2011\/12 eine Ringvorlesung mit hochkar\u00e4tigen Expertinnen und Experten aus unterschiedlichen Disziplinen an. Termin ist jeweils Donnerstag, 18.00 Uhr, im Audimax. Auftakt ist der 18. November (s. auch www.nachhaltigkeit.schleswig-holstein.de, unter &#8222;Nachhaltige Landwirtschaft&#8220;). Umweltministerin Rumpf wird dabei ein Gru\u00dfwort sprechen, bevor Buchautor Ulrich Grober sich an eine Kl\u00e4rung des Begriffs der Nachhaltigkeit heranwagt.<\/p>\n","protected":false},"excerpt":{"rendered":"<p>KIEL. Der Wettbewerb unterschiedlicher Interessen um die Frage der Nutzung von Fl\u00e4chen ist auch in Schleswig-Holstein zunehmend ein Thema. Darauf<\/p>\n","protected":false},"author":3,"featured_media":0,"comment_status":"open","ping_status":"open","sticky":false,"template":"","format":"standard","meta":{"colormag_page_container_layout":"default_layout","colormag_page_sidebar_layout":"default_layout","footnotes":""},"categories":[5],"tags":[],"class_list":["post-43467","post","type-post","status-publish","format-standard","hentry","category-politik-wirtschaft"],"_links":{"self":[{"href":"https:\/\/hier-luebeck.de\/index.php\/wp-json\/wp\/v2\/posts\/43467","targetHints":{"allow":["GET"]}}],"collection":[{"href":"https:\/\/hier-luebeck.de\/index.php\/wp-json\/wp\/v2\/posts"}],"about":[{"href":"https:\/\/hier-luebeck.de\/index.php\/wp-json\/wp\/v2\/types\/post"}],"author":[{"embeddable":true,"href":"https:\/\/hier-luebeck.de\/index.php\/wp-json\/wp\/v2\/users\/3"}],"replies":[{"embeddable":true,"href":"https:\/\/hier-luebeck.de\/index.php\/wp-json\/wp\/v2\/comments?post=43467"}],"version-history":[{"count":0,"href":"https:\/\/hier-luebeck.de\/index.php\/wp-json\/wp\/v2\/posts\/43467\/revisions"}],"wp:attachment":[{"href":"https:\/\/hier-luebeck.de\/index.php\/wp-json\/wp\/v2\/media?parent=43467"}],"wp:term":[{"taxonomy":"category","embeddable":true,"href":"https:\/\/hier-luebeck.de\/index.php\/wp-json\/wp\/v2\/categories?post=43467"},{"taxonomy":"post_tag","embeddable":true,"href":"https:\/\/hier-luebeck.de\/index.php\/wp-json\/wp\/v2\/tags?post=43467"}],"curies":[{"name":"wp","href":"https:\/\/api.w.org\/{rel}","templated":true}]}}