{"id":43477,"date":"2011-09-23T10:53:00","date_gmt":"2011-09-23T08:53:00","guid":{"rendered":"http:\/\/www.hier-luebeck.de\/?p=43477"},"modified":"2011-09-23T10:53:00","modified_gmt":"2011-09-23T08:53:00","slug":"papst-benedikt-zu-besuch-in-deutschland","status":"publish","type":"post","link":"https:\/\/hier-luebeck.de\/index.php\/papst-benedikt-zu-besuch-in-deutschland\/","title":{"rendered":"Papst Benedikt zu Besuch in Deutschland"},"content":{"rendered":"<p>Fotos: Thomas und Daniela Nyfeler<\/p>\n<p>F\u00fcr viele Katholiken in Deutschland ist es ein ganz besonderer H\u00f6hepunkt \u2013 aber auch f\u00fcr die Beziehungen Deutschlands zum Heiligen Stuhl: Papst Benedikt XVI. ist zu seinem ersten offiziellen Besuch in Deutschland eingetroffen. Bis Sonntag h\u00e4lt sich der Papst auf Einladung von Bundespr\u00e4sident Christian Wulff in seiner Heimat auf. Er wird neben Berlin auch die Bist\u00fcmer Erfurt und Freiburg besuchen.<br \/>\nPapst Benedikt XVI. kam mit Bundeskanzlerin Angela Merkel zu einem Gedankenaustausch in der Repr\u00e4sentanz der Deutschen Bischofskonferenz in Berlin zusammen. Im Anschluss sagte Merkel, sie habe sich \u00fcber die gemeinsame Begegnung sehr gefreut.<!--more--><\/p>\n<p>\u00dcber Europa und Finanzm\u00e4rkte gesprochen<\/p>\n<p>Bundeskanzlerin Merkel und Papst Benedikt,Papstbesuch in DeutschlandFoto: REGIERUNGonline\/Bergmann Vergr\u00f6\u00dferung Bundeskanzlerin Merkel und Papst BenediktGespr\u00e4chsthemen, so die Bundeskanzlerin, seien auch Europa und die Situation auf den internationalen Finanzm\u00e4rkten gewesen. Sie habe dabei deutlich gemacht, dass die europ\u00e4ische Einigung f\u00fcr die Deutschen unverzichtbar sei. Sie bedeute Wohlstand, Demokratie und Freiheit. Politik sollte die Kraft haben, f\u00fcr die Menschen zu gestalten und nicht getrieben zu sein, betonte Merkel.<\/p>\n<p><a rel=\"attachment wp-att-43479\" href=\"http:\/\/www.hier-luebeck.de\/2011\/09\/papst-benedikt-zu-besuch-in-deutschland\/foto_nyfeler\/\"><img loading=\"lazy\" decoding=\"async\" class=\"alignleft size-full wp-image-43479\" title=\"Foto_Nyfeler\" src=\"http:\/\/www.hier-luebeck.de\/wp-content\/uploads\/2011\/09\/Foto_Nyfeler.jpg\" alt=\"\" width=\"500\" height=\"436\" srcset=\"https:\/\/hier-luebeck.de\/wp-content\/uploads\/2011\/09\/Foto_Nyfeler.jpg 500w, https:\/\/hier-luebeck.de\/wp-content\/uploads\/2011\/09\/Foto_Nyfeler-320x279.jpg 320w, https:\/\/hier-luebeck.de\/wp-content\/uploads\/2011\/09\/Foto_Nyfeler-389x340.jpg 389w\" sizes=\"auto, (max-width: 500px) 100vw, 500px\" \/><\/a>Zuvor war der Papst vom Bundespr\u00e4sidenten im Park von Schloss Bellevue offiziell in seinem Heimatland begr\u00fc\u00dft worden.<\/p>\n<p>&#8222;Papstbesuch bereichert uns&#8220;<\/p>\n<p>Unmittelbar vor dem Papstbesuch hatte Bundeskanzlerin Angela Merkel  erkl\u00e4rt, sie sei \u00fcberzeugt, dass &#8222;uns der Papstbesuch bereichert&#8220;. Sie erhoffe sich von der Reise Orientierung &#8222;in diesen gewiss nicht leichten Zeiten&#8220;. Der Staatsbesuch Benedikts finde in einer Zeit statt, in der die katholische Kirche vor neuen Herausforderungen und Fragen stehe.<\/p>\n<p>Merkel betonte zugleich, Deutschland w\u00fcrde ohne die Kirchen nicht nur spirituell verarmen, sondern w\u00e4re auch sozial k\u00e4lter.<\/p>\n<p>Im April 2005 wurde mit Joseph Kardinal Ratzinger nach fast 500 Jahren wieder ein Deutscher zum Papst gew\u00e4hlt. Seither hat Benedikt XVI. bereits zweimal sein Heimatland besucht, so zum Weltjugendtag 2005 in K\u00f6ln. Jetzt stattet er Deutschland erstmals einen offiziellen Besuch ab.<\/p>\n<p>Ein dichtes Programm<\/p>\n<p>Nach den Gespr\u00e4chen mit dem Bundespr\u00e4sidenten und der Bundeskanzlerin hat Benedikt XVI. als erster Papst im Bundestag eine Rede gehalten. Am Abend feierte er mit \u00fcber 70.000 Gl\u00e4ubigen im Olympiastadion eine Messe.<\/p>\n<p>Am 23. September wird der Papst im historischen Augustinerkloster in Erfurt ein Gespr\u00e4ch mit der Evangelischen Kirche in Deutschland f\u00fchren und an einem \u00f6kumenischen Wortgottesdienst teilnehmen. Vorgesehen sind ferner Begegnungen mit Vertretern der orthodoxen Kirche, des Islam und des Judentums in Deutschland.<\/p>\n<p><a rel=\"attachment wp-att-43480\" href=\"http:\/\/www.hier-luebeck.de\/2011\/09\/papst-benedikt-zu-besuch-in-deutschland\/papst_bundestag_foto_daniela_nyfeler_017\/\"><img loading=\"lazy\" decoding=\"async\" class=\"alignleft size-full wp-image-43480\" title=\"Papst_Bundestag_Foto_Daniela_Nyfeler_017\" src=\"http:\/\/www.hier-luebeck.de\/wp-content\/uploads\/2011\/09\/Papst_Bundestag_Foto_Daniela_Nyfeler_017.jpg\" alt=\"\" width=\"500\" height=\"291\" srcset=\"https:\/\/hier-luebeck.de\/wp-content\/uploads\/2011\/09\/Papst_Bundestag_Foto_Daniela_Nyfeler_017.jpg 500w, https:\/\/hier-luebeck.de\/wp-content\/uploads\/2011\/09\/Papst_Bundestag_Foto_Daniela_Nyfeler_017-320x186.jpg 320w, https:\/\/hier-luebeck.de\/wp-content\/uploads\/2011\/09\/Papst_Bundestag_Foto_Daniela_Nyfeler_017-426x247.jpg 426w\" sizes=\"auto, (max-width: 500px) 100vw, 500px\" \/><\/a>Bei weiteren Terminen im Bistum Erfurt sowie am 24. und 25. September in Freiburg stehen pastorale Elemente im Vordergrund.<\/p>\n<p>Weltweite Verantwortung f\u00fcr Gerechtigkeit und Frieden<\/p>\n<p>Der Papst ist Oberhaupt der r\u00f6misch-katholischen Kirche und damit geistliches Oberhaupt von etwa 1,1 Milliarden Menschen. Die weltweite Verankerung der katholischen Kirche hat Bundeskanzlerin Merkel vor dem Besuch besonders hervorgehoben. Damit trage die katholische Kirche auch Verantwortung f\u00fcr Gerechtigkeit und Frieden auf der Welt, \u00e4u\u00dferte sie in ihrem aktuellen Videopodcast.<\/p>\n<p>Bewahrung des Friedens, Schutz der Menschenrechte und \u00dcberwindung von Hunger und Not in der Welt sind wichtigste Ziele der Au\u00dfenpolitik des Vatikanstaats. Der Heilige Stuhl unterh\u00e4lt diplomatische Beziehungen mit 178 Staaten und ist Mitglied in zahlreichen internationalen Organisationen, darunter der Organisation f\u00fcr Sicherheit und Zusammenarbeit in Europa (OSZE), der Organisation f\u00fcr das Verbot von Nuklearwaffen-Versuchen (CTBTO) und der Organisation f\u00fcr das Verbot Chemischer Waffen (OPCW). In den Vereinten Nationen und mehreren ihrer Unterorganisationen (z.B. der UNESCO) hat der Heilige Stuhl einen Beobachter-Status.<\/p>\n<p><a rel=\"attachment wp-att-43481\" href=\"http:\/\/www.hier-luebeck.de\/2011\/09\/papst-benedikt-zu-besuch-in-deutschland\/papst_bundestag_foto_daniela_nyfeler_015\/\"><img loading=\"lazy\" decoding=\"async\" class=\"alignleft size-full wp-image-43481\" title=\"Papst_Bundestag_Foto_Daniela_Nyfeler_015\" src=\"http:\/\/www.hier-luebeck.de\/wp-content\/uploads\/2011\/09\/Papst_Bundestag_Foto_Daniela_Nyfeler_015.jpg\" alt=\"\" width=\"500\" height=\"333\" srcset=\"https:\/\/hier-luebeck.de\/wp-content\/uploads\/2011\/09\/Papst_Bundestag_Foto_Daniela_Nyfeler_015.jpg 500w, https:\/\/hier-luebeck.de\/wp-content\/uploads\/2011\/09\/Papst_Bundestag_Foto_Daniela_Nyfeler_015-320x213.jpg 320w, https:\/\/hier-luebeck.de\/wp-content\/uploads\/2011\/09\/Papst_Bundestag_Foto_Daniela_Nyfeler_015-426x283.jpg 426w\" sizes=\"auto, (max-width: 500px) 100vw, 500px\" \/><\/a><\/p>\n<p>&nbsp;<\/p>\n<p>&nbsp;<\/p>\n<p>&nbsp;<\/p>\n<p>&nbsp;<\/p>\n<p>&nbsp;<\/p>\n<p>&nbsp;<\/p>\n<p>&nbsp;<\/p>\n<p>&nbsp;<\/p>\n<p>&nbsp;<\/p>\n<p>&nbsp;<\/p>\n<p>&nbsp;<\/p>\n<p><a rel=\"attachment wp-att-43482\" href=\"http:\/\/www.hier-luebeck.de\/2011\/09\/papst-benedikt-zu-besuch-in-deutschland\/papst_bundestag_foto_daniela_nyfeler_011\/\"><img loading=\"lazy\" decoding=\"async\" class=\"alignleft size-full wp-image-43482\" title=\"Papst_Bundestag_Foto_Daniela_Nyfeler_011\" src=\"http:\/\/www.hier-luebeck.de\/wp-content\/uploads\/2011\/09\/Papst_Bundestag_Foto_Daniela_Nyfeler_011.jpg\" alt=\"\" width=\"500\" height=\"333\" srcset=\"https:\/\/hier-luebeck.de\/wp-content\/uploads\/2011\/09\/Papst_Bundestag_Foto_Daniela_Nyfeler_011.jpg 500w, https:\/\/hier-luebeck.de\/wp-content\/uploads\/2011\/09\/Papst_Bundestag_Foto_Daniela_Nyfeler_011-320x213.jpg 320w, https:\/\/hier-luebeck.de\/wp-content\/uploads\/2011\/09\/Papst_Bundestag_Foto_Daniela_Nyfeler_011-426x283.jpg 426w\" sizes=\"auto, (max-width: 500px) 100vw, 500px\" \/><\/a><\/p>\n<p>&nbsp;<\/p>\n<p>&nbsp;<\/p>\n<p>&nbsp;<\/p>\n<p>&nbsp;<\/p>\n<p>&nbsp;<\/p>\n<p>&nbsp;<\/p>\n<p>&nbsp;<\/p>\n<p>&nbsp;<\/p>\n<p>&nbsp;<\/p>\n<p>&nbsp;<\/p>\n<p>&nbsp;<\/p>\n<p><a rel=\"attachment wp-att-43483\" href=\"http:\/\/www.hier-luebeck.de\/2011\/09\/papst-benedikt-zu-besuch-in-deutschland\/papst_bundestag_foto_daniela_nyfeler_006\/\"><img loading=\"lazy\" decoding=\"async\" class=\"alignleft size-full wp-image-43483\" title=\"Papst_Bundestag_Foto_Daniela_Nyfeler_006\" src=\"http:\/\/www.hier-luebeck.de\/wp-content\/uploads\/2011\/09\/Papst_Bundestag_Foto_Daniela_Nyfeler_006.jpg\" alt=\"\" width=\"500\" height=\"333\" srcset=\"https:\/\/hier-luebeck.de\/wp-content\/uploads\/2011\/09\/Papst_Bundestag_Foto_Daniela_Nyfeler_006.jpg 500w, https:\/\/hier-luebeck.de\/wp-content\/uploads\/2011\/09\/Papst_Bundestag_Foto_Daniela_Nyfeler_006-320x213.jpg 320w, https:\/\/hier-luebeck.de\/wp-content\/uploads\/2011\/09\/Papst_Bundestag_Foto_Daniela_Nyfeler_006-426x283.jpg 426w\" sizes=\"auto, (max-width: 500px) 100vw, 500px\" \/><\/a><\/p>\n","protected":false},"excerpt":{"rendered":"<p>Fotos: Thomas und Daniela Nyfeler F\u00fcr viele Katholiken in Deutschland ist es ein ganz besonderer H\u00f6hepunkt \u2013 aber auch f\u00fcr<\/p>\n","protected":false},"author":3,"featured_media":0,"comment_status":"open","ping_status":"open","sticky":false,"template":"","format":"standard","meta":{"colormag_page_container_layout":"default_layout","colormag_page_sidebar_layout":"default_layout","footnotes":""},"categories":[5],"tags":[],"class_list":["post-43477","post","type-post","status-publish","format-standard","hentry","category-politik-wirtschaft"],"_links":{"self":[{"href":"https:\/\/hier-luebeck.de\/index.php\/wp-json\/wp\/v2\/posts\/43477","targetHints":{"allow":["GET"]}}],"collection":[{"href":"https:\/\/hier-luebeck.de\/index.php\/wp-json\/wp\/v2\/posts"}],"about":[{"href":"https:\/\/hier-luebeck.de\/index.php\/wp-json\/wp\/v2\/types\/post"}],"author":[{"embeddable":true,"href":"https:\/\/hier-luebeck.de\/index.php\/wp-json\/wp\/v2\/users\/3"}],"replies":[{"embeddable":true,"href":"https:\/\/hier-luebeck.de\/index.php\/wp-json\/wp\/v2\/comments?post=43477"}],"version-history":[{"count":0,"href":"https:\/\/hier-luebeck.de\/index.php\/wp-json\/wp\/v2\/posts\/43477\/revisions"}],"wp:attachment":[{"href":"https:\/\/hier-luebeck.de\/index.php\/wp-json\/wp\/v2\/media?parent=43477"}],"wp:term":[{"taxonomy":"category","embeddable":true,"href":"https:\/\/hier-luebeck.de\/index.php\/wp-json\/wp\/v2\/categories?post=43477"},{"taxonomy":"post_tag","embeddable":true,"href":"https:\/\/hier-luebeck.de\/index.php\/wp-json\/wp\/v2\/tags?post=43477"}],"curies":[{"name":"wp","href":"https:\/\/api.w.org\/{rel}","templated":true}]}}