{"id":43488,"date":"2011-09-23T10:55:43","date_gmt":"2011-09-23T08:55:43","guid":{"rendered":"http:\/\/www.hier-luebeck.de\/?p=43488"},"modified":"2011-09-23T10:56:13","modified_gmt":"2011-09-23T08:56:13","slug":"zugelassene-bewerber-zur-burgermeisterwahl-stehen-fest","status":"publish","type":"post","link":"https:\/\/hier-luebeck.de\/index.php\/zugelassene-bewerber-zur-burgermeisterwahl-stehen-fest\/","title":{"rendered":"Zugelassene Bewerber zur B\u00fcrgermeisterwahl stehen fest"},"content":{"rendered":"<p>Eine Frau und f\u00fcnf M\u00e4nner stellen sich am 6. November 2011 zur Wahl<\/p>\n<p>Unter Vorsitz der Gemeindewahlleiterin, der Ersten stellvertretenden B\u00fcrgermeisterin Annette Borns, hat der Gemeindewahlausschuss f\u00fcr die Wahl der B\u00fcrgermeisterin \/ des B\u00fcrgermeisters der Hansestadt L\u00fcbeck heute in \u00f6ffentlicher Sitzung die folgenden sechs Bewerberinnen und Bewerber zur Wahl zugelassen: Alexandra Dinges-Dierig (Fraktionen der CDU, BfL und FUL), Matthias Erz, (Einzelbewerber), Thorsten F\u00fcrter, (Fraktion GR\u00dcNE) Harald Klix, (Einzelbewerber), Bernd Saxe, (Fraktion der SPD) Jens Uwe Schulz (Fraktion DIE LINKE).<\/p>\n<p>In dieser Reihenfolge (nach dem Familiennamen) werden die Bewerberinnen und Bewerber auch auf dem Stimmzettel aufgef\u00fchrt. Gew\u00e4hlt wird am 6. November, eine etwaige Stichwahl findet am 20. November 2011 statt.<\/p>\n","protected":false},"excerpt":{"rendered":"<p>Eine Frau und f\u00fcnf M\u00e4nner stellen sich am 6. November 2011 zur Wahl Unter Vorsitz der Gemeindewahlleiterin, der Ersten stellvertretenden<\/p>\n","protected":false},"author":3,"featured_media":0,"comment_status":"open","ping_status":"open","sticky":false,"template":"","format":"standard","meta":{"colormag_page_container_layout":"default_layout","colormag_page_sidebar_layout":"default_layout","footnotes":""},"categories":[5],"tags":[],"class_list":["post-43488","post","type-post","status-publish","format-standard","hentry","category-politik-wirtschaft"],"_links":{"self":[{"href":"https:\/\/hier-luebeck.de\/index.php\/wp-json\/wp\/v2\/posts\/43488","targetHints":{"allow":["GET"]}}],"collection":[{"href":"https:\/\/hier-luebeck.de\/index.php\/wp-json\/wp\/v2\/posts"}],"about":[{"href":"https:\/\/hier-luebeck.de\/index.php\/wp-json\/wp\/v2\/types\/post"}],"author":[{"embeddable":true,"href":"https:\/\/hier-luebeck.de\/index.php\/wp-json\/wp\/v2\/users\/3"}],"replies":[{"embeddable":true,"href":"https:\/\/hier-luebeck.de\/index.php\/wp-json\/wp\/v2\/comments?post=43488"}],"version-history":[{"count":0,"href":"https:\/\/hier-luebeck.de\/index.php\/wp-json\/wp\/v2\/posts\/43488\/revisions"}],"wp:attachment":[{"href":"https:\/\/hier-luebeck.de\/index.php\/wp-json\/wp\/v2\/media?parent=43488"}],"wp:term":[{"taxonomy":"category","embeddable":true,"href":"https:\/\/hier-luebeck.de\/index.php\/wp-json\/wp\/v2\/categories?post=43488"},{"taxonomy":"post_tag","embeddable":true,"href":"https:\/\/hier-luebeck.de\/index.php\/wp-json\/wp\/v2\/tags?post=43488"}],"curies":[{"name":"wp","href":"https:\/\/api.w.org\/{rel}","templated":true}]}}