{"id":43491,"date":"2011-09-23T10:56:55","date_gmt":"2011-09-23T08:56:55","guid":{"rendered":"http:\/\/www.hier-luebeck.de\/?p=43491"},"modified":"2011-09-23T10:56:55","modified_gmt":"2011-09-23T08:56:55","slug":"lediglich-ein-ausschuss-tagt-in-der-kommenden-woche-4","status":"publish","type":"post","link":"https:\/\/hier-luebeck.de\/index.php\/lediglich-ein-ausschuss-tagt-in-der-kommenden-woche-4\/","title":{"rendered":"Lediglich ein Ausschuss tagt in der kommenden Woche"},"content":{"rendered":"<p>Berichte und Vorlagen zu st\u00e4dtischen Angelegenheiten werden \u00f6ffentlich beraten<\/p>\n<p>Aufgrund der am Donnerstag stattfinden B\u00fcrgerschaftssitzung treffen sich in der kommenden Woche nur die Mitglieder des Hauptausschusses zur Beratung: Diese tagen am Dienstag, 27. September 2011, ab 16.30 Uhr im Roten Saal des L\u00fcbecker Rathauses, Breite Stra\u00dfe 62. Auf der Tagesordnung stehen unter anderem ein Bericht zum Jahresbericht 2010 \u00fcber die gemeinschaftlichen Verpflichtungen im \u00f6ffentlichen Personennahverkehr (\u00d6PNV) in der Hansestadt L\u00fcbeck sowie ein Bericht zum Status der Fraktion \u201eFreie Unabh\u00e4ngige L\u00fcbecker (FUL)\u201c gem\u00e4\u00df \u00a7 32 a der Gemeindeordnung.<\/p>\n","protected":false},"excerpt":{"rendered":"<p>Berichte und Vorlagen zu st\u00e4dtischen Angelegenheiten werden \u00f6ffentlich beraten Aufgrund der am Donnerstag stattfinden B\u00fcrgerschaftssitzung treffen sich in der kommenden<\/p>\n","protected":false},"author":3,"featured_media":0,"comment_status":"open","ping_status":"open","sticky":false,"template":"","format":"standard","meta":{"colormag_page_container_layout":"default_layout","colormag_page_sidebar_layout":"default_layout","footnotes":""},"categories":[14],"tags":[],"class_list":["post-43491","post","type-post","status-publish","format-standard","hentry","category-tipps-informationen"],"_links":{"self":[{"href":"https:\/\/hier-luebeck.de\/index.php\/wp-json\/wp\/v2\/posts\/43491","targetHints":{"allow":["GET"]}}],"collection":[{"href":"https:\/\/hier-luebeck.de\/index.php\/wp-json\/wp\/v2\/posts"}],"about":[{"href":"https:\/\/hier-luebeck.de\/index.php\/wp-json\/wp\/v2\/types\/post"}],"author":[{"embeddable":true,"href":"https:\/\/hier-luebeck.de\/index.php\/wp-json\/wp\/v2\/users\/3"}],"replies":[{"embeddable":true,"href":"https:\/\/hier-luebeck.de\/index.php\/wp-json\/wp\/v2\/comments?post=43491"}],"version-history":[{"count":0,"href":"https:\/\/hier-luebeck.de\/index.php\/wp-json\/wp\/v2\/posts\/43491\/revisions"}],"wp:attachment":[{"href":"https:\/\/hier-luebeck.de\/index.php\/wp-json\/wp\/v2\/media?parent=43491"}],"wp:term":[{"taxonomy":"category","embeddable":true,"href":"https:\/\/hier-luebeck.de\/index.php\/wp-json\/wp\/v2\/categories?post=43491"},{"taxonomy":"post_tag","embeddable":true,"href":"https:\/\/hier-luebeck.de\/index.php\/wp-json\/wp\/v2\/tags?post=43491"}],"curies":[{"name":"wp","href":"https:\/\/api.w.org\/{rel}","templated":true}]}}