{"id":43493,"date":"2011-09-23T16:01:46","date_gmt":"2011-09-23T14:01:46","guid":{"rendered":"http:\/\/www.hier-luebeck.de\/?p=43493"},"modified":"2011-09-23T16:01:46","modified_gmt":"2011-09-23T14:01:46","slug":"marktvergnugen-zum-jubilaum","status":"publish","type":"post","link":"https:\/\/hier-luebeck.de\/index.php\/marktvergnugen-zum-jubilaum\/","title":{"rendered":"Marktvergn\u00fcgen zum Jubil\u00e4um"},"content":{"rendered":"<p>L\u00fcbecks Wochenm\u00e4rkte feiern 60-j\u00e4hriges Bestehen<\/p>\n<p>Im Oktober feiern die Wochenm\u00e4rkte ihr 60-j\u00e4hriges Bestehen &#8211; einer der ersten M\u00e4rkte war auf dem Brolingplatz der1951 eingerichtet wurde. Den Festakt am 1. Oktober 2011 zur \u00fcblichen Marktzeit von 8 bis 13 Uhr leitet eine Aktionswoche ein, die am 26. September startet und bis zum 1. Oktober dauert. Damit m\u00f6chten sich die Markth\u00e4ndler auf allen Pl\u00e4tzen mit tollen Angeboten und neuen Ideen bei ihren Stammkunden bedanken.<!--more--><\/p>\n<p>Der Festakt selbst findet dann am Sonnabend auf dem Brink und auf dem Brolingplatz statt. L\u00fcbecks B\u00fcrgermeister Bernd Saxe hat als begeisterter Wochenmarktkunde seinen Besuch angek\u00fcndigt, Live-Musik, Kinderanimation, Zauberer und Oldtimer machen den Jubil\u00e4umstag perfekt.<\/p>\n<p>\u201eEs ist uns gelungen, ein buntes Programm auf beiden Samstagsm\u00e4rkten zusammenzustellen\u201c, freut sich Sven B\u00f6ssow, 1. Vorsitzender des Landesverbands der Schausteller und Marktkaufleute Schleswig-Holstein e.V., Kreisstelle L\u00fcbeck. Unterst\u00fctzt wurden die Markth\u00e4ndler in der Vorbereitung des Festes von der \u201eB\u00fcrgerinitiative Brolingplatz\u201c und der Firma \u201emediengeladen\u201c. \u201eIch danke allen Engagierten des Jubil\u00e4umskomitees und unseren H\u00e4ndlern, die flei\u00dfig in ihren Erinnerungen und Fotokisten gew\u00fchlt haben\u201c, so B\u00f6ssow bei der Vorstellung des Programms.<\/p>\n<p>Ob es denn auch eine Medaille f\u00fcr Kunden g\u00e4be, die seit \u00fcber 50 Jahren auf den Markt k\u00e4men, wurden Sven B\u00f6ssow und seine Kollegen in letzter Zeit h\u00e4ufiger gefragt. \u201eDas nicht, aber so \u00e4hnlich\u201c, lautet die einhellige Antwort. Man kann also gespannt sein. +<\/p>\n","protected":false},"excerpt":{"rendered":"<p>L\u00fcbecks Wochenm\u00e4rkte feiern 60-j\u00e4hriges Bestehen Im Oktober feiern die Wochenm\u00e4rkte ihr 60-j\u00e4hriges Bestehen &#8211; einer der ersten M\u00e4rkte war auf<\/p>\n","protected":false},"author":3,"featured_media":0,"comment_status":"open","ping_status":"open","sticky":false,"template":"","format":"standard","meta":{"colormag_page_container_layout":"default_layout","colormag_page_sidebar_layout":"default_layout","footnotes":""},"categories":[20],"tags":[],"class_list":["post-43493","post","type-post","status-publish","format-standard","hentry","category-besondere-neuigkeiten"],"_links":{"self":[{"href":"https:\/\/hier-luebeck.de\/index.php\/wp-json\/wp\/v2\/posts\/43493","targetHints":{"allow":["GET"]}}],"collection":[{"href":"https:\/\/hier-luebeck.de\/index.php\/wp-json\/wp\/v2\/posts"}],"about":[{"href":"https:\/\/hier-luebeck.de\/index.php\/wp-json\/wp\/v2\/types\/post"}],"author":[{"embeddable":true,"href":"https:\/\/hier-luebeck.de\/index.php\/wp-json\/wp\/v2\/users\/3"}],"replies":[{"embeddable":true,"href":"https:\/\/hier-luebeck.de\/index.php\/wp-json\/wp\/v2\/comments?post=43493"}],"version-history":[{"count":0,"href":"https:\/\/hier-luebeck.de\/index.php\/wp-json\/wp\/v2\/posts\/43493\/revisions"}],"wp:attachment":[{"href":"https:\/\/hier-luebeck.de\/index.php\/wp-json\/wp\/v2\/media?parent=43493"}],"wp:term":[{"taxonomy":"category","embeddable":true,"href":"https:\/\/hier-luebeck.de\/index.php\/wp-json\/wp\/v2\/categories?post=43493"},{"taxonomy":"post_tag","embeddable":true,"href":"https:\/\/hier-luebeck.de\/index.php\/wp-json\/wp\/v2\/tags?post=43493"}],"curies":[{"name":"wp","href":"https:\/\/api.w.org\/{rel}","templated":true}]}}