{"id":43609,"date":"2011-09-23T13:21:18","date_gmt":"2011-09-23T13:21:18","guid":{"rendered":"http:\/\/www.hier-luebeck.de\/2011\/09\/pol-hl-hl-st-jurgen-kronsforder-allee-kind-bei-verkehrsunfall-schwer-verletzt\/"},"modified":"2011-09-23T13:21:18","modified_gmt":"2011-09-23T13:21:18","slug":"pol-hl-hl-st-jurgen-kronsforder-allee-kind-bei-verkehrsunfall-schwer-verletzt","status":"publish","type":"post","link":"https:\/\/hier-luebeck.de\/index.php\/pol-hl-hl-st-jurgen-kronsforder-allee-kind-bei-verkehrsunfall-schwer-verletzt\/","title":{"rendered":"POL-HL: HL &#8211; St. J\u00fcrgen, Kronsforder Allee    \/\nKind bei Verkehrsunfall schwer verletzt"},"content":{"rendered":"<p>L\u00fcbeck (ots) &#8211; Am Freitagmorgen, 23. September 2011, kam es in der Kronsforder Allee zu einem Verkehrsunfall, bei dem ein Schulkind  schwer verletzt wurde.     Gegen 07.30 Uhr war ein achtj\u00e4hriger Junge zusammen mit  Mitsch\u00fclern die Kronsforder Allee in Richtung Innenstadt gefahren.<!--more-->  Als er auf der Fu\u00dfg\u00e4ngerfurt mit seinem Tretroller die Vorrader  Stra\u00dfe \u00fcberqueren wollte, wurde er von einem Lkw erfasst. Der Lkw war ebenfalls aus Richtung Malm\u00f6stra\u00dfe gekommen und beabsichtigte nach  rechts in die Vorrader Stra\u00dfe abzubiegen.     Nach bisherigen Erkenntnissen zeigte die dortige Ampelanlage  sowohl f\u00fcr den Sch\u00fcler als auch f\u00fcr den 47-j\u00e4hrigen Lkw-Fahrer  &#8222;gr\u00fcn&#8220;. Der Fahrer gab an, den Jungen nicht gesehen zu haben.     Der Sch\u00fcler erlitt am linken Bein schwerste Verletzungen und wurde in das UKSH gebracht, wo er noch am Vormittag operiert wurde. Hier  konnten die \u00c4rzte den Unterschenkel nicht mehr retten und mussten ihn abnehmen. Lebensgefahr besteht nicht. Der LKW-Fahrer blieb  unverletzt.     Die Eltern des Jungen wurden benachrichtigt und kamen zum  Unfallort. Ein Notfallseelsorger wurde ebenfalls benachrichtigt, der  sich um die Beteiligten k\u00fcmmerte.     Die Kronsforder Allee wurde f\u00fcr etwa eine halbe Stunde voll  gesperrt und zwar von der Malm\u00f6stra\u00dfe bis zur Berliner Stra\u00dfe. Es kam zu erheblichen Verkehrsbehinderungen.     Auf Anordnung der Staatsanwaltschaft L\u00fcbeck wurde ein Gutachter  angefordert, der an der Unfallstelle erschien. F\u00fcr die Dauer der  Polizei- und Gutachterarbeiten war die Zufahrt von der Kronsforder  Allee in die Vorraderstra\u00dfe gesperrt.     <\/p>\n<p>Quelle: <a href=\"http:\/\/www.presseportal.de\/polizeipresse\/pm\/43738\/2117857\/pol-hl-hl-st-juergen-kronsforder-allee-kind-bei-verkehrsunfall-schwer-verletzt\/api\" target=\"_blank\">presseportal.de<\/a><\/p>\n","protected":false},"excerpt":{"rendered":"<p>L\u00fcbeck (ots) &#8211; Am Freitagmorgen, 23. September 2011, kam es in der Kronsforder Allee zu einem Verkehrsunfall, bei dem ein<\/p>\n","protected":false},"author":3,"featured_media":0,"comment_status":"open","ping_status":"open","sticky":false,"template":"","format":"standard","meta":{"colormag_page_container_layout":"default_layout","colormag_page_sidebar_layout":"default_layout","footnotes":""},"categories":[20],"tags":[],"class_list":["post-43609","post","type-post","status-publish","format-standard","hentry","category-besondere-neuigkeiten"],"_links":{"self":[{"href":"https:\/\/hier-luebeck.de\/index.php\/wp-json\/wp\/v2\/posts\/43609","targetHints":{"allow":["GET"]}}],"collection":[{"href":"https:\/\/hier-luebeck.de\/index.php\/wp-json\/wp\/v2\/posts"}],"about":[{"href":"https:\/\/hier-luebeck.de\/index.php\/wp-json\/wp\/v2\/types\/post"}],"author":[{"embeddable":true,"href":"https:\/\/hier-luebeck.de\/index.php\/wp-json\/wp\/v2\/users\/3"}],"replies":[{"embeddable":true,"href":"https:\/\/hier-luebeck.de\/index.php\/wp-json\/wp\/v2\/comments?post=43609"}],"version-history":[{"count":0,"href":"https:\/\/hier-luebeck.de\/index.php\/wp-json\/wp\/v2\/posts\/43609\/revisions"}],"wp:attachment":[{"href":"https:\/\/hier-luebeck.de\/index.php\/wp-json\/wp\/v2\/media?parent=43609"}],"wp:term":[{"taxonomy":"category","embeddable":true,"href":"https:\/\/hier-luebeck.de\/index.php\/wp-json\/wp\/v2\/categories?post=43609"},{"taxonomy":"post_tag","embeddable":true,"href":"https:\/\/hier-luebeck.de\/index.php\/wp-json\/wp\/v2\/tags?post=43609"}],"curies":[{"name":"wp","href":"https:\/\/api.w.org\/{rel}","templated":true}]}}