{"id":43610,"date":"2011-09-23T13:03:34","date_gmt":"2011-09-23T13:03:34","guid":{"rendered":"http:\/\/www.hier-luebeck.de\/2011\/09\/pol-hl-hl-innenstadt-konigstrase-zwei-kunstdiebstahle-in-lubeck-2\/"},"modified":"2011-09-23T13:03:34","modified_gmt":"2011-09-23T13:03:34","slug":"pol-hl-hl-innenstadt-konigstrase-zwei-kunstdiebstahle-in-lubeck-2","status":"publish","type":"post","link":"https:\/\/hier-luebeck.de\/index.php\/pol-hl-hl-innenstadt-konigstrase-zwei-kunstdiebstahle-in-lubeck-2\/","title":{"rendered":"POL-HL: HL &#8211; Innenstadt, K\u00f6nigstra\u00dfe   \/\nZwei Kunstdiebst\u00e4hle in L\u00fcbeck"},"content":{"rendered":"<p><img decoding=\"async\" class=\"alignleft size-full\" src=\"http:\/\/www.presseportal.de\/bild\/196353-preview-domjohannesdert-ufer092011.jpg\" \/><\/p>\n<p>L\u00fcbeck (ots) &#8211; In der Nacht vom 20. auf den 21. September 2011  wurden aus einem alteingesessenen Kunsthaus in der L\u00fcbecker  Innenstadt mehrere Kunstdrucke gestohlen. Der Schaden bel\u00e4uft sich  auf etwa 120.000 Euro.     Bereits Anfang September wurde eine wertvolle Holzfigur aus dem  L\u00fcbecker Dom gestohlen.<!--more-->     Am Mittwochmorgen, gegen 04.30 Uhr, gelangten ein oder mehrere  T\u00e4ter durch eine angrenzende Kirche auf das Grundst\u00fcck des  Kunsthauses in der K\u00f6nigstra\u00dfe und drangen in das Geb\u00e4ude ein.     Es wurden mehrere pers\u00f6nlich signierte Kunstdrucke entwendet. Der  Schaden bel\u00e4uft sich auf vermutlich \u00fcber 100.000 Euro.     Der oder die T\u00e4ter fl\u00fcchteten mit den ungerahmten Drucken durch  die K\u00f6nigstra\u00dfe.     Etwa eine Woche vor dieser Tat verhielt sich ein Mann auff\u00e4llig in dem Kunsthaus. Er interessierte sich f\u00fcr diverse Kunstgegenst\u00e4nde und Bilder und hielt sich in den gesamten Ausstellungsr\u00e4umen auf.     Die Person wird wie folgt beschrieben: zirka 55 Jahre alt          170 bis 175 Zentimeter gro\u00df und korpulent              kurze,leicht  lichte Haare                        gepflegte Erscheinung             Er sprach englisch mit vermutlich             osteurop\u00e4ischem Akzent.     Bereits in den ersten zwei Septemberwochen ist es zu einem anderen Kunstdiebstahl in L\u00fcbeck gekommen. Aus dem L\u00fcbecker Dom wurde eine 68 Zentimeter hohe Holzfigur gestohlen, die Johannes den T\u00e4ufer  darstellt. Die Figur wurde um 1475 von dem K\u00fcnstler Bernd Notke  gefertigt und stand zusammen mit einer weiteren Figur in einem  Wandschr\u00e4nkchen an einem der vorderen linken Pfeiler des Domes.     Aus dem Schr\u00e4nkchen, das mit einem Metallgitter gesichert war und  einer H\u00f6he von 1,60 Metern h\u00e4ngt, wurde lediglich die eine Holzfigur  entwendet, die andere blieb dort stehen.     Der Wert der Holzfigur von &#8222;Johannes dem T\u00e4ufer&#8220; wird auf mehrere  tausend Euro gesch\u00e4tzt. Eine abschlie\u00dfende Fachmeinung liegt hier\u00fcber aber noch nicht vor.     Die Ermittlungen in beiden F\u00e4llen werden beim Kommissariat 12 der  L\u00fcbecker Kripo gef\u00fchrt. Ein Zusammenhang zwischen den Taten wird  nicht ausgeschlossen, da in beiden F\u00e4llen ein gewisses  Kunstverst\u00e4ndnis vorgelegen haben m\u00fcsste.     Wenn jemand etwas Verd\u00e4chtiges in den Bereichen gesehen hat oder  bemerkt, dass ein ungew\u00f6hnliches Angebot an Kunstgegenst\u00e4nden  vorliegt, wird gebeten sich bei der Polizei unter der Telefonnummer  0451-1310 zu melden.     Foto: Genehmigung zur Ver\u00f6ffentlichung liegt vor.     Gestohlen wurde die im Bild  linke Figur.     <\/p>\n<p>Quelle: <a href=\"http:\/\/www.presseportal.de\/polizeipresse\/pm\/43738\/2117837\/pol-hl-hl-innenstadt-koenigstrasse-zwei-kunstdiebstaehle-in-luebeck\/api\" target=\"_blank\">presseportal.de<\/a><\/p>\n","protected":false},"excerpt":{"rendered":"<p>L\u00fcbeck (ots) &#8211; In der Nacht vom 20. auf den 21. September 2011 wurden aus einem alteingesessenen Kunsthaus in der<\/p>\n","protected":false},"author":3,"featured_media":0,"comment_status":"open","ping_status":"open","sticky":false,"template":"","format":"standard","meta":{"colormag_page_container_layout":"default_layout","colormag_page_sidebar_layout":"default_layout","footnotes":""},"categories":[20],"tags":[],"class_list":["post-43610","post","type-post","status-publish","format-standard","hentry","category-besondere-neuigkeiten"],"_links":{"self":[{"href":"https:\/\/hier-luebeck.de\/index.php\/wp-json\/wp\/v2\/posts\/43610","targetHints":{"allow":["GET"]}}],"collection":[{"href":"https:\/\/hier-luebeck.de\/index.php\/wp-json\/wp\/v2\/posts"}],"about":[{"href":"https:\/\/hier-luebeck.de\/index.php\/wp-json\/wp\/v2\/types\/post"}],"author":[{"embeddable":true,"href":"https:\/\/hier-luebeck.de\/index.php\/wp-json\/wp\/v2\/users\/3"}],"replies":[{"embeddable":true,"href":"https:\/\/hier-luebeck.de\/index.php\/wp-json\/wp\/v2\/comments?post=43610"}],"version-history":[{"count":0,"href":"https:\/\/hier-luebeck.de\/index.php\/wp-json\/wp\/v2\/posts\/43610\/revisions"}],"wp:attachment":[{"href":"https:\/\/hier-luebeck.de\/index.php\/wp-json\/wp\/v2\/media?parent=43610"}],"wp:term":[{"taxonomy":"category","embeddable":true,"href":"https:\/\/hier-luebeck.de\/index.php\/wp-json\/wp\/v2\/categories?post=43610"},{"taxonomy":"post_tag","embeddable":true,"href":"https:\/\/hier-luebeck.de\/index.php\/wp-json\/wp\/v2\/tags?post=43610"}],"curies":[{"name":"wp","href":"https:\/\/api.w.org\/{rel}","templated":true}]}}