{"id":437816,"date":"2024-08-20T12:04:49","date_gmt":"2024-08-20T10:04:49","guid":{"rendered":"https:\/\/hier-luebeck.de\/index.php\/pol-hl-luebeck-st-gertrud-zeugen-und-unfallverursacher-gesucht\/"},"modified":"2024-08-20T12:04:49","modified_gmt":"2024-08-20T10:04:49","slug":"pol-hl-luebeck-st-gertrud-zeugen-und-unfallverursacher-gesucht","status":"publish","type":"post","link":"https:\/\/hier-luebeck.de\/index.php\/pol-hl-luebeck-st-gertrud-zeugen-und-unfallverursacher-gesucht\/","title":{"rendered":"POL-HL: L\u00fcbeck &#8211; St. Gertrud \/ Zeugen und Unfallverursacher gesucht"},"content":{"rendered":"<p>L\u00fcbeck (ots) &#8211; <\/p>\n<p>Bereits am 19. Juli 2024 (Freitag) kam es auf dem Radweg im Marliring in L\u00fcbeck zum Zusammensto\u00df zweier Radfahrer. Ein bislang unbekannter Radfahrer wollte einen Vorausfahrenden \u00fcberholen und kollidierte dabei mit einem entgegenkommenden Radler. Der st\u00fcrzte daraufhin und verletzte sich schwer.<\/p>\n<p><!--more--><\/p>\n<p>Der Verursacher fl\u00fcchtete. Die Polizei sucht nun nach Zeugen und dem Fl\u00fcchtigen.<br \/>\nGegen 09:30 Uhr des Freitagmorgens war ein 82-j\u00e4hriger Radfahrer auf dem Radweg im Marliring in Richtung Arnimstra\u00dfe unterwegs. Im Bereich der Bushaltestelle Schenkendorfstra\u00dfe waren ihm zwei Radfahrer hintereinanderfahrend entgegengekommen. Unvermittelt scherte der hintere Radfahrer aus, um den vorderen zu \u00fcberholen. Dabei kam es zu einem seitlichen Zusammensto\u00df zwischen dem Rentner und dem \u00dcberholenden. Der 82-J\u00e4hrige st\u00fcrzte daraufhin und verletzte sich.<br \/>\nW\u00e4hrend der Unfallverursacher einfach weiterfuhr, drehte der andere Radfahrer um und bot seine Hilfe an. Nichts von der Schwere der Verletzungen ahnend, lehnte der Gest\u00fcrzte die Hilfe aber ab und begab sich nach Hause. Die Verletzungen, die sich der Rentner zugezogen hatte, waren allerdings so schwer, dass er mehrere Wochen station\u00e4r in einem Krankenhaus behandelt werden musste und nun bleibende Sch\u00e4den von sich tr\u00e4gt.<br \/>\nVor diesem Hintergrund hat der L\u00fcbecker sich erst jetzt an die Polizei gewandt und den Vorfall zur Anzeige gebracht. Gesucht werden jetzt der Zeuge, der seine Hilfe angeboten hat und der \u00fcberholende Radfahrer. Die beiden, oder wer Hinweise auf die zwei Radfahrer geben kann, werden gebeten, sich mit dem 3. Polizeirevier in L\u00fcbeck in Verbindung zu setzen. Das geht telefonisch unter 0451 &#8211; 1316345 oder per Email \u00fcber luebeck.prev03@polizei.landsh.de.<br \/>\nR\u00fcckfragen bitte an:<\/p>\n<p>Polizeidirektion L\u00fcbeck<br \/>\nStabsstelle\/\u00d6ffentlichkeitsarbeit<br \/>\nMaik Seidel &#8211; Pressesprecher<br \/>\nTelefon: 0451-131-2005<br \/>\nE-Mail: pressestelle.luebeck.pd@polizei.landsh.de<\/p>\n<p>Original-Content von: Polizeidirektion L\u00fcbeck, \u00fcbermittelt durch news aktuell<\/p>\n<p>Dieser Beitrag wurde automatisch von Presseportal.de zur Verf\u00fcgung gestellt: https:\/\/www.presseportal.de\/blaulicht\/pm\/43738\/5847181<\/p>\n","protected":false},"excerpt":{"rendered":"<p>L\u00fcbeck (ots) &#8211; Bereits am 19. Juli 2024 (Freitag) kam es auf dem Radweg im Marliring in L\u00fcbeck zum Zusammensto\u00df<\/p>\n","protected":false},"author":0,"featured_media":0,"comment_status":"open","ping_status":"open","sticky":false,"template":"","format":"standard","meta":{"colormag_page_container_layout":"default_layout","colormag_page_sidebar_layout":"default_layout","footnotes":""},"categories":[1527],"tags":[],"class_list":["post-437816","post","type-post","status-publish","format-standard","hentry","category-blaulicht"],"_links":{"self":[{"href":"https:\/\/hier-luebeck.de\/index.php\/wp-json\/wp\/v2\/posts\/437816","targetHints":{"allow":["GET"]}}],"collection":[{"href":"https:\/\/hier-luebeck.de\/index.php\/wp-json\/wp\/v2\/posts"}],"about":[{"href":"https:\/\/hier-luebeck.de\/index.php\/wp-json\/wp\/v2\/types\/post"}],"replies":[{"embeddable":true,"href":"https:\/\/hier-luebeck.de\/index.php\/wp-json\/wp\/v2\/comments?post=437816"}],"version-history":[{"count":0,"href":"https:\/\/hier-luebeck.de\/index.php\/wp-json\/wp\/v2\/posts\/437816\/revisions"}],"wp:attachment":[{"href":"https:\/\/hier-luebeck.de\/index.php\/wp-json\/wp\/v2\/media?parent=437816"}],"wp:term":[{"taxonomy":"category","embeddable":true,"href":"https:\/\/hier-luebeck.de\/index.php\/wp-json\/wp\/v2\/categories?post=437816"},{"taxonomy":"post_tag","embeddable":true,"href":"https:\/\/hier-luebeck.de\/index.php\/wp-json\/wp\/v2\/tags?post=437816"}],"curies":[{"name":"wp","href":"https:\/\/api.w.org\/{rel}","templated":true}]}}