{"id":43955,"date":"2011-09-27T07:29:14","date_gmt":"2011-09-27T05:29:14","guid":{"rendered":"http:\/\/www.hier-luebeck.de\/?p=43955"},"modified":"2011-09-27T07:29:14","modified_gmt":"2011-09-27T05:29:14","slug":"adac-strasenwacht-gelbe-engel-ab-sofort-auch-im-vw-touran-unterwegs","status":"publish","type":"post","link":"https:\/\/hier-luebeck.de\/index.php\/adac-strasenwacht-gelbe-engel-ab-sofort-auch-im-vw-touran-unterwegs\/","title":{"rendered":"ADAC Stra\u00dfenwacht Gelbe Engel ab sofort auch im VW Touran unterwegs"},"content":{"rendered":"<p>M\u00fcnchen (ots) &#8211; Der ADAC verst\u00e4rkt seine Stra\u00dfenwachtflotte mit zun\u00e4chst 40 Fahrzeugen des VW Touran. Die symbolische Fahrzeug\u00fcbergabe fand am Montag im ADAC Technik Zentrum in Landsberg am Lech im Beisein von ADAC Vizepr\u00e4sident f\u00fcr Technik Thomas Burkhardt sowie Werner Eichhorn, Leiter Vertrieb und Marketing Deutschland Volkswagen Pkw, statt. Die 40 Fahrzeuge, die schon in den n\u00e4chsten Tagen deutschlandweit bei den Gelben Engeln zum Einsatz kommen, bilden den Auftakt f\u00fcr eine weitere Zusammenarbeit mit VW im Bereich der Stra\u00dfenwacht.<!--more--><\/p>\n<p>Ein Stra\u00dfenwachtfahrzeug ist beim ADAC rund sieben Jahre im Einsatz. Es absolviert eine durchschnittliche Fahrleistung von ca. 40 000 Kilometer pro Jahr. Au\u00dferdem f\u00e4hrt es 90 Prozent der Einsatzzeit mit der vollen Auslastung des zul\u00e4ssigen Gesamtgewichts. Die neuen Autos von VW verf\u00fcgen \u00fcber einen 2.0 l TDI-Antrieb (140 PS) und ein Automatik-Direktschaltgetriebe (DSG). Besonders wichtig f\u00fcr den harten Praxiseinsatz in der ADAC Stra\u00dfenwacht ist das modifizierte Fahrwerk f\u00fcr eine erh\u00f6hte Zuladung.<\/p>\n","protected":false},"excerpt":{"rendered":"<p>M\u00fcnchen (ots) &#8211; Der ADAC verst\u00e4rkt seine Stra\u00dfenwachtflotte mit zun\u00e4chst 40 Fahrzeugen des VW Touran. Die symbolische Fahrzeug\u00fcbergabe fand am<\/p>\n","protected":false},"author":3,"featured_media":0,"comment_status":"open","ping_status":"open","sticky":false,"template":"","format":"standard","meta":{"colormag_page_container_layout":"default_layout","colormag_page_sidebar_layout":"default_layout","footnotes":""},"categories":[5],"tags":[],"class_list":["post-43955","post","type-post","status-publish","format-standard","hentry","category-politik-wirtschaft"],"_links":{"self":[{"href":"https:\/\/hier-luebeck.de\/index.php\/wp-json\/wp\/v2\/posts\/43955","targetHints":{"allow":["GET"]}}],"collection":[{"href":"https:\/\/hier-luebeck.de\/index.php\/wp-json\/wp\/v2\/posts"}],"about":[{"href":"https:\/\/hier-luebeck.de\/index.php\/wp-json\/wp\/v2\/types\/post"}],"author":[{"embeddable":true,"href":"https:\/\/hier-luebeck.de\/index.php\/wp-json\/wp\/v2\/users\/3"}],"replies":[{"embeddable":true,"href":"https:\/\/hier-luebeck.de\/index.php\/wp-json\/wp\/v2\/comments?post=43955"}],"version-history":[{"count":0,"href":"https:\/\/hier-luebeck.de\/index.php\/wp-json\/wp\/v2\/posts\/43955\/revisions"}],"wp:attachment":[{"href":"https:\/\/hier-luebeck.de\/index.php\/wp-json\/wp\/v2\/media?parent=43955"}],"wp:term":[{"taxonomy":"category","embeddable":true,"href":"https:\/\/hier-luebeck.de\/index.php\/wp-json\/wp\/v2\/categories?post=43955"},{"taxonomy":"post_tag","embeddable":true,"href":"https:\/\/hier-luebeck.de\/index.php\/wp-json\/wp\/v2\/tags?post=43955"}],"curies":[{"name":"wp","href":"https:\/\/api.w.org\/{rel}","templated":true}]}}