{"id":440828,"date":"2024-12-10T12:07:19","date_gmt":"2024-12-10T11:07:19","guid":{"rendered":"https:\/\/hier-luebeck.de\/?p=440828"},"modified":"2024-12-10T12:09:14","modified_gmt":"2024-12-10T11:09:14","slug":"hansestadt-luebeck-dankt-ehrenamtlichen-im-zivil-und-katastrophenschutz","status":"publish","type":"post","link":"https:\/\/hier-luebeck.de\/index.php\/hansestadt-luebeck-dankt-ehrenamtlichen-im-zivil-und-katastrophenschutz\/","title":{"rendered":"Hansestadt L\u00fcbeck dankt Ehrenamtlichen im Zivil- und Katastrophenschutz"},"content":{"rendered":"<p>35 L\u00fcbecker f\u00fcr au\u00dfergew\u00f6hnliches ehrenamtliches Engagement ausgezeichnet. Rund 150 ehrenamtlich Engagierte aus den Hilfsorganisationen des Zivil- und Katastrophenschutzes kamen am 5. Dezember 2024 anl\u00e4sslich des Internationalen Tages des Ehrenamtes zu einer feierlichen Veranstaltung in den Mediadocks zusammen. <!--more-->Die Hansestadt L\u00fcbeck hatte in Kooperation mit der Freiwilligenagentur ePunkt e.V. eingeladen, um den Einsatz der Freiwilligen zu w\u00fcrdigen.<\/p>\n<p>Ein H\u00f6hepunkt der Veranstaltung war die pers\u00f6nliche Auszeichnung von 35 L\u00fcbecker durch Senatorin Pia Steinr\u00fccke im Namen der Hansestadt L\u00fcbeck. Sie erhielten eine Ehrenurkunde der Hansestadt L\u00fcbeck als Anerkennung f\u00fcr ihr au\u00dfergew\u00f6hnliches und vorbildliches freiwilliges Engagement.<\/p>\n<p>In ihrer Laudatio unterstrich die Senatorin die herausragende Bereitschaft der Helfer:innen, Verantwortung f\u00fcr ihre Mitmenschen zu \u00fcbernehmen und sich f\u00fcr eine starke und solidarische Gesellschaft einzusetzen. Dieses Engagement gebe in den aktuellen Zeiten Zuversicht und verdeutliche, wie unverzichtbar das Ehrenamt f\u00fcr den gesellschaftlichen Zusammenhalt ist.<br \/>\nAuch Schleswig-Holsteins Ministerin f\u00fcr Inneres, Kommunales und Wohnen, Dr. Sabine S\u00fctterlin-Waack, wandte sich in einer Videobotschaft an die Anwesenden. Sie hob sowohl die zentrale Rolle eines funktionierenden Zivil- und Katastrophenschutzes als auch die unverzichtbare Bedeutung des Ehrenamtes f\u00fcr unsere Gesellschaft hervor und sprach den Engagierten ihren herzlichen Dank aus.<\/p>\n<p>Durch den Abend f\u00fchrten Sandra Rickert von der Stabsstelle Migration und Ehrenamt sowie Phillip Kamke vom NDR-Studio L\u00fcbeck. Mit ihrem Charme begeisterten sie das Publikum und verliehen der Veranstaltung eine lockere und herzliche Atmosph\u00e4re. Die Band The Maestros sowie die Tanzshow des Studios Moving Souls sorgten f\u00fcr gute Stimmung und boten den Ehrenamtlichen eine entspannte Atmosph\u00e4re, um miteinander ins Gespr\u00e4ch zu kommen und sich \u00fcber ihr Engagement auszutauschen.<\/p>\n<p>Der Internationale Tag des Ehrenamtes, der 1985 von den Vereinten Nationen ins Leben gerufen wurde, erinnert j\u00e4hrlich am 5. Dezember an die wichtige Rolle freiwilliger Helfer:innen in unserer Gesellschaft. Die Feier in L\u00fcbeck war ein eindrucksvolles Zeichen der Dankbarkeit und Wertsch\u00e4tzung f\u00fcr die ehrenamtlich T\u00e4tigen, die mit ihrem Engagement einen unverzichtbaren Beitrag f\u00fcr die Gemeinschaft leisten.<\/p>\n","protected":false},"excerpt":{"rendered":"<p>35 L\u00fcbecker f\u00fcr au\u00dfergew\u00f6hnliches ehrenamtliches Engagement ausgezeichnet. Rund 150 ehrenamtlich Engagierte aus den Hilfsorganisationen des Zivil- und Katastrophenschutzes kamen am<\/p>\n","protected":false},"author":3,"featured_media":440829,"comment_status":"closed","ping_status":"open","sticky":false,"template":"","format":"standard","meta":{"colormag_page_container_layout":"default_layout","colormag_page_sidebar_layout":"default_layout","footnotes":""},"categories":[11],"tags":[24375],"class_list":["post-440828","post","type-post","status-publish","format-standard","has-post-thumbnail","hentry","category-menschlich-gesehen","tag-hansestadt-luebeck-dankt-ehrenamtlichen-im-zivil-und-katastrophenschutz"],"_links":{"self":[{"href":"https:\/\/hier-luebeck.de\/index.php\/wp-json\/wp\/v2\/posts\/440828","targetHints":{"allow":["GET"]}}],"collection":[{"href":"https:\/\/hier-luebeck.de\/index.php\/wp-json\/wp\/v2\/posts"}],"about":[{"href":"https:\/\/hier-luebeck.de\/index.php\/wp-json\/wp\/v2\/types\/post"}],"author":[{"embeddable":true,"href":"https:\/\/hier-luebeck.de\/index.php\/wp-json\/wp\/v2\/users\/3"}],"replies":[{"embeddable":true,"href":"https:\/\/hier-luebeck.de\/index.php\/wp-json\/wp\/v2\/comments?post=440828"}],"version-history":[{"count":1,"href":"https:\/\/hier-luebeck.de\/index.php\/wp-json\/wp\/v2\/posts\/440828\/revisions"}],"predecessor-version":[{"id":440830,"href":"https:\/\/hier-luebeck.de\/index.php\/wp-json\/wp\/v2\/posts\/440828\/revisions\/440830"}],"wp:featuredmedia":[{"embeddable":true,"href":"https:\/\/hier-luebeck.de\/index.php\/wp-json\/wp\/v2\/media\/440829"}],"wp:attachment":[{"href":"https:\/\/hier-luebeck.de\/index.php\/wp-json\/wp\/v2\/media?parent=440828"}],"wp:term":[{"taxonomy":"category","embeddable":true,"href":"https:\/\/hier-luebeck.de\/index.php\/wp-json\/wp\/v2\/categories?post=440828"},{"taxonomy":"post_tag","embeddable":true,"href":"https:\/\/hier-luebeck.de\/index.php\/wp-json\/wp\/v2\/tags?post=440828"}],"curies":[{"name":"wp","href":"https:\/\/api.w.org\/{rel}","templated":true}]}}