{"id":44141,"date":"2011-09-28T13:27:22","date_gmt":"2011-09-28T11:27:22","guid":{"rendered":"http:\/\/www.hier-luebeck.de\/?p=44141"},"modified":"2011-09-28T13:27:22","modified_gmt":"2011-09-28T11:27:22","slug":"pol-hl-oh-eutin-ploner-strasealbert-mahlstedt-strase-fusgangerin-nach-verkehrsunfall-schwer-verletzt","status":"publish","type":"post","link":"https:\/\/hier-luebeck.de\/index.php\/pol-hl-oh-eutin-ploner-strasealbert-mahlstedt-strase-fusgangerin-nach-verkehrsunfall-schwer-verletzt\/","title":{"rendered":"POL-HL: OH-Eutin-Pl\u00f6ner Stra\u00dfe,Albert-Mahlstedt-Stra\u00dfe \/ Fu\u00dfg\u00e4ngerin nach Verkehrsunfall schwer verletzt"},"content":{"rendered":"<p><a rel=\"attachment wp-att-10985\" href=\"http:\/\/www.hier-luebeck.de\/2010\/02\/pol-hl-hl-st-jurgen-rotloscherstrase-polizei-nimmt-einbrecher-fest\/funkstreifers-13\/\"><img loading=\"lazy\" decoding=\"async\" class=\"alignleft size-full wp-image-10985\" title=\"FunkstreifeRS\" src=\"http:\/\/www.hier-luebeck.de\/wp-content\/uploads\/2010\/02\/FunkstreifeRS6.JPG\" alt=\"\" width=\"220\" height=\"165\" \/><\/a>L\u00fcbeck (ots) &#8211; Am Dienstagnachmittag, 27.September 2011, wurde eine 73-j\u00e4hrige Fu\u00dfg\u00e4ngerin bei einem Verkehrsunfall in Eutin schwer verletzt. Die \u00e4ltere Dame \u00fcberquerte gegen 16.35 Uhr die Albert-Mahlstedt-Stra\u00dfe an der dortigen Ampel, als ein 51-j\u00e4hriger Eutiner mit einem Bagger von der Pl\u00f6ner Stra\u00dfe in die Albert-Mahlstedt-Stra\u00dfe abbiegen wollte. Der Baggerfahrer lie\u00df noch eine 46-j\u00e4hrige Fu\u00dfg\u00e4ngerin, die die Albert-Mahlstedt-Stra\u00dfe in anderer Richtung \u00fcberquerte durch, \u00fcbersah dann aber die 73-j\u00e4hrige Fu\u00dfg\u00e4ngerin aus Eutin.<!--more--><\/p>\n<p>Es kam zu einem Zusammensto\u00df zwischen ihr und dem Bagger. Die Eutinerin st\u00fcrzte und schlug mit dem Kopf auf die Fahrbahn auf. Sie musste schwer verletzt zum Sana-Klinikum Eutin gebracht werden und wurde dort station\u00e4r aufgenommen.<\/p>\n<p>Die Ampel an der Kreuzung zeigte f\u00fcr beide Unfallbeteiligten gr\u00fcnes Licht.<\/p>\n","protected":false},"excerpt":{"rendered":"<p>L\u00fcbeck (ots) &#8211; Am Dienstagnachmittag, 27.September 2011, wurde eine 73-j\u00e4hrige Fu\u00dfg\u00e4ngerin bei einem Verkehrsunfall in Eutin schwer verletzt. Die \u00e4ltere<\/p>\n","protected":false},"author":3,"featured_media":0,"comment_status":"open","ping_status":"open","sticky":false,"template":"","format":"standard","meta":{"colormag_page_container_layout":"default_layout","colormag_page_sidebar_layout":"default_layout","footnotes":""},"categories":[20],"tags":[],"class_list":["post-44141","post","type-post","status-publish","format-standard","hentry","category-besondere-neuigkeiten"],"_links":{"self":[{"href":"https:\/\/hier-luebeck.de\/index.php\/wp-json\/wp\/v2\/posts\/44141","targetHints":{"allow":["GET"]}}],"collection":[{"href":"https:\/\/hier-luebeck.de\/index.php\/wp-json\/wp\/v2\/posts"}],"about":[{"href":"https:\/\/hier-luebeck.de\/index.php\/wp-json\/wp\/v2\/types\/post"}],"author":[{"embeddable":true,"href":"https:\/\/hier-luebeck.de\/index.php\/wp-json\/wp\/v2\/users\/3"}],"replies":[{"embeddable":true,"href":"https:\/\/hier-luebeck.de\/index.php\/wp-json\/wp\/v2\/comments?post=44141"}],"version-history":[{"count":0,"href":"https:\/\/hier-luebeck.de\/index.php\/wp-json\/wp\/v2\/posts\/44141\/revisions"}],"wp:attachment":[{"href":"https:\/\/hier-luebeck.de\/index.php\/wp-json\/wp\/v2\/media?parent=44141"}],"wp:term":[{"taxonomy":"category","embeddable":true,"href":"https:\/\/hier-luebeck.de\/index.php\/wp-json\/wp\/v2\/categories?post=44141"},{"taxonomy":"post_tag","embeddable":true,"href":"https:\/\/hier-luebeck.de\/index.php\/wp-json\/wp\/v2\/tags?post=44141"}],"curies":[{"name":"wp","href":"https:\/\/api.w.org\/{rel}","templated":true}]}}