{"id":44144,"date":"2011-09-28T13:30:09","date_gmt":"2011-09-28T11:30:09","guid":{"rendered":"http:\/\/www.hier-luebeck.de\/?p=44144"},"modified":"2011-09-28T13:30:09","modified_gmt":"2011-09-28T11:30:09","slug":"hl-st-lorenz-nord-fackenburger-allee-lkw-beschadigt-parkenden-golf-bei-wendemanover","status":"publish","type":"post","link":"https:\/\/hier-luebeck.de\/index.php\/hl-st-lorenz-nord-fackenburger-allee-lkw-beschadigt-parkenden-golf-bei-wendemanover\/","title":{"rendered":"HL-St. Lorenz Nord-Fackenburger Allee &#8211; Lkw besch\u00e4digt parkenden Golf bei Wendeman\u00f6ver"},"content":{"rendered":"<p><a rel=\"attachment wp-att-10985\" href=\"http:\/\/www.hier-luebeck.de\/2010\/02\/pol-hl-hl-st-jurgen-rotloscherstrase-polizei-nimmt-einbrecher-fest\/funkstreifers-13\/\"><img loading=\"lazy\" decoding=\"async\" class=\"alignleft size-full wp-image-10985\" title=\"FunkstreifeRS\" src=\"http:\/\/www.hier-luebeck.de\/wp-content\/uploads\/2010\/02\/FunkstreifeRS6.JPG\" alt=\"\" width=\"220\" height=\"165\" \/><\/a>Am Montagnachmittag, 26. September 2011, besch\u00e4digte ein Lastkraftwagen einen parkenden VW Golf in der Fackenburger Allee. Ohne sich um den Schaden zu k\u00fcmmern fuhr das Fahrzeug weiter.<!--more--><\/p>\n<p>Gegen 16.10 Uhr besch\u00e4digte nach Zeugenaussagen ein Lkw in der Fackenburger Allee auf H\u00f6he der dortigen Schule einen graufarbenen VW Golf.  Der stadteinw\u00e4rts parkende Pkw wurde bei dem Wendeman\u00f6ver des Lkw erheblich besch\u00e4digt. Die gesamte linke Fahrzeugseite ist eingedr\u00fcckt, die Scheiben der beiden T\u00fcren sind besch\u00e4digt. Es ist von einem wirtschaftlichen Totalschaden auszugehen.<\/p>\n<p>Nach dem Wendevorgang wurde der Lkw in Richtung Innenstadt gelenkt. Um den Unfallschaden k\u00fcmmerte man sich nicht.<\/p>\n<p>Das 2. Polizeirevier L\u00fcbeck ermittelt hinsichtlich einer Verkehrsunfallflucht. Der Lkw soll einen blauen Planenaufbau gehabt haben. Hinweise zum Unfallgeschehen werden unter der Rufnummer 0451-1310 erbeten.<\/p>\n","protected":false},"excerpt":{"rendered":"<p>Am Montagnachmittag, 26. September 2011, besch\u00e4digte ein Lastkraftwagen einen parkenden VW Golf in der Fackenburger Allee. Ohne sich um den<\/p>\n","protected":false},"author":3,"featured_media":0,"comment_status":"open","ping_status":"open","sticky":false,"template":"","format":"standard","meta":{"colormag_page_container_layout":"default_layout","colormag_page_sidebar_layout":"default_layout","footnotes":""},"categories":[20],"tags":[],"class_list":["post-44144","post","type-post","status-publish","format-standard","hentry","category-besondere-neuigkeiten"],"_links":{"self":[{"href":"https:\/\/hier-luebeck.de\/index.php\/wp-json\/wp\/v2\/posts\/44144","targetHints":{"allow":["GET"]}}],"collection":[{"href":"https:\/\/hier-luebeck.de\/index.php\/wp-json\/wp\/v2\/posts"}],"about":[{"href":"https:\/\/hier-luebeck.de\/index.php\/wp-json\/wp\/v2\/types\/post"}],"author":[{"embeddable":true,"href":"https:\/\/hier-luebeck.de\/index.php\/wp-json\/wp\/v2\/users\/3"}],"replies":[{"embeddable":true,"href":"https:\/\/hier-luebeck.de\/index.php\/wp-json\/wp\/v2\/comments?post=44144"}],"version-history":[{"count":0,"href":"https:\/\/hier-luebeck.de\/index.php\/wp-json\/wp\/v2\/posts\/44144\/revisions"}],"wp:attachment":[{"href":"https:\/\/hier-luebeck.de\/index.php\/wp-json\/wp\/v2\/media?parent=44144"}],"wp:term":[{"taxonomy":"category","embeddable":true,"href":"https:\/\/hier-luebeck.de\/index.php\/wp-json\/wp\/v2\/categories?post=44144"},{"taxonomy":"post_tag","embeddable":true,"href":"https:\/\/hier-luebeck.de\/index.php\/wp-json\/wp\/v2\/tags?post=44144"}],"curies":[{"name":"wp","href":"https:\/\/api.w.org\/{rel}","templated":true}]}}