{"id":443036,"date":"2025-02-13T12:38:00","date_gmt":"2025-02-13T11:38:00","guid":{"rendered":"https:\/\/hier-luebeck.de\/index.php\/pol-rz-stehlgut-bei-kontrolle-in-moelln-sichergestellt\/"},"modified":"2025-02-13T12:38:00","modified_gmt":"2025-02-13T11:38:00","slug":"pol-rz-stehlgut-bei-kontrolle-in-moelln-sichergestellt","status":"publish","type":"post","link":"https:\/\/hier-luebeck.de\/index.php\/pol-rz-stehlgut-bei-kontrolle-in-moelln-sichergestellt\/","title":{"rendered":"POL-RZ: Stehlgut bei Kontrolle in M\u00f6lln sichergestellt"},"content":{"rendered":"<p>Ratzeburg (ots) &#8211; <\/p>\n<p>13.02.2025 | Kreis Herzogtum Lauenburg | 10.02.2025 &#8211; M\u00f6lln<\/p>\n<p>Gemeinsame Medieninformation der Staatsanwaltschaft L\u00fcbeck und der Polizeidirektion Ratzeburg<\/p>\n<p>Bereits am Montag (10.02.2025) gegen 17:20 Uhr f\u00fchrten die Beamten des Polizeiautobahn- und Bezirksreviers Ratzeburg eine allgemeine Verkehrskontrolle im Grambeker Weg durch und hielten einen Hamburger Mercedes an.<br \/>\nNach derzeitigem Ermittlungsstand war die 38-j\u00e4hrige Fahrerin nicht im Besitz einer g\u00fcltigen Fahrerlaubnis und zeigte dar\u00fcber hinaus einen gef\u00e4lschten F\u00fchrerschein vor. Sie war in Begleitung der 36-j\u00e4hrigen Fahrzeugeigent\u00fcmerin. Im Kofferraum des Pkw konnte eine Vielzahl gef\u00fcllter Plastikbeutel und Schuhe festgestellt werden, an denen teilweise noch die Diebstahlsicherung vorhandener war.<\/p>\n<p><!--more--><\/p>\n<p>\u00dcber die Staatsanwaltschaft L\u00fcbeck wurde beim zust\u00e4ndigen Richter ein Durchsuchungsbeschluss erwirkt. Nachdem das Fahrzeug durchsucht wurde, konnten diverse Lebensmittel, S\u00fc\u00dfigkeiten und Drogerieartikel verschiedener Discounter \/ Superm\u00e4rkte sichergestellt werden. Der Wert des Stehlguts wird auf einen geringen f\u00fcnfstelligen Betrag gesch\u00e4tzt.<br \/>\nDie tatverd\u00e4chtigen Frauen aus Hamburg werden sich wegen des Verdachts des gewerbsm\u00e4\u00dfigen Diebstahls verantworten m\u00fcssen. Auf die Fahrerin wird zus\u00e4tzlich ein Verfahren wegen des Verdachtes des Fahrens ohne Fahrerlaubnis und des Verdachtes der Urkundenf\u00e4lschung zukommen.<br \/>\nDr. Jens Buscher, Pressesprecher der Staatsanwaltschaft L\u00fcbeck<\/p>\n<p>Paul-Erik Naumann, Pressesprecher der Polizeidirektion Ratzeburg<\/p>\n<p>Hinweis: Nachfragen zu dieser Medieninformation richten Sie bitte an die Pressestelle der Polizeidirektion Ratzeburg.<br \/>\nR\u00fcckfragen bitte an:<\/p>\n<p>Polizeidirektion Ratzeburg<br \/>\n&#8211; Stabsstelle \/ Presse &#8211;<br \/>\nPaul-Erik Naumann<br \/>\nTelefon: 04541\/809-2012<br \/>\nE-Mail: Presse.Ratzeburg.PD@polizei.landsh.de<\/p>\n<p>Original-Content von: Polizeidirektion Ratzeburg, \u00fcbermittelt durch news aktuell<\/p>\n<p>Dieser Beitrag wurde automatisch von Presseportal.de zur Verf\u00fcgung gestellt: https:\/\/www.presseportal.de\/blaulicht\/pm\/43735\/5970411<\/p>\n","protected":false},"excerpt":{"rendered":"<p>Ratzeburg (ots) &#8211; 13.02.2025 | Kreis Herzogtum Lauenburg | 10.02.2025 &#8211; M\u00f6lln Gemeinsame Medieninformation der Staatsanwaltschaft L\u00fcbeck und der Polizeidirektion<\/p>\n","protected":false},"author":0,"featured_media":0,"comment_status":"open","ping_status":"open","sticky":false,"template":"","format":"standard","meta":{"colormag_page_container_layout":"default_layout","colormag_page_sidebar_layout":"default_layout","footnotes":""},"categories":[1527],"tags":[],"class_list":["post-443036","post","type-post","status-publish","format-standard","hentry","category-blaulicht"],"_links":{"self":[{"href":"https:\/\/hier-luebeck.de\/index.php\/wp-json\/wp\/v2\/posts\/443036","targetHints":{"allow":["GET"]}}],"collection":[{"href":"https:\/\/hier-luebeck.de\/index.php\/wp-json\/wp\/v2\/posts"}],"about":[{"href":"https:\/\/hier-luebeck.de\/index.php\/wp-json\/wp\/v2\/types\/post"}],"replies":[{"embeddable":true,"href":"https:\/\/hier-luebeck.de\/index.php\/wp-json\/wp\/v2\/comments?post=443036"}],"version-history":[{"count":0,"href":"https:\/\/hier-luebeck.de\/index.php\/wp-json\/wp\/v2\/posts\/443036\/revisions"}],"wp:attachment":[{"href":"https:\/\/hier-luebeck.de\/index.php\/wp-json\/wp\/v2\/media?parent=443036"}],"wp:term":[{"taxonomy":"category","embeddable":true,"href":"https:\/\/hier-luebeck.de\/index.php\/wp-json\/wp\/v2\/categories?post=443036"},{"taxonomy":"post_tag","embeddable":true,"href":"https:\/\/hier-luebeck.de\/index.php\/wp-json\/wp\/v2\/tags?post=443036"}],"curies":[{"name":"wp","href":"https:\/\/api.w.org\/{rel}","templated":true}]}}