{"id":443822,"date":"2025-03-03T13:40:26","date_gmt":"2025-03-03T12:40:26","guid":{"rendered":"https:\/\/hier-luebeck.de\/?p=443822"},"modified":"2025-03-03T13:47:31","modified_gmt":"2025-03-03T12:47:31","slug":"pol-hl-oh-bosau-scheune-in-bosau-abgebrannt","status":"publish","type":"post","link":"https:\/\/hier-luebeck.de\/index.php\/pol-hl-oh-bosau-scheune-in-bosau-abgebrannt\/","title":{"rendered":"POL-HL: OH-Bosau: Scheune in Bosau abgebrannt"},"content":{"rendered":"<p>Symbolfoto: <i><a class=\"story-city event-trigger\" title=\"News aus L\u00fcbeck \" href=\"https:\/\/www.presseportal.de\/regional\/L%FCbeck\" data-category=\"citylink-story-view\" data-action=\"click\" data-label=\"Citylink in Meldungsansicht\">L\u00fcbeck<\/a> (ots) <\/i>Am heutigen Montagmorgen (03.03.) wurde \u00fcber den Polizeinotruf eine brennende Scheune in der Gemeinde Bosau gemeldet. Diese brannte komplett nieder und der Sachschaden liegt bei mindestens 600.000 Euro. Ein \u00dcbergreifen auf das benachbarte Wohnhaus wurde durch die eingesetzten Wehren verhindert.<!--more-->Kurz vor ein Uhr fuhren Feuerwehr und Polizei in den Ortsteil Bichel, da dort eine Scheune im Vollbrand stehen sollte. Die neun eingesetzten Wehren bek\u00e4mpften das Feuer einer zur Getreidetrocknung genutzten Scheune und deren Anbau, welcher f\u00fcr eine \u00d6lheizungsanlage mit den dazugeh\u00f6rigen Tanks diente. Beide Geb\u00e4udeteile brannten nieder. Der Sachschaden ist erheblich.<\/p>\n<p>Trotz des starken Funkenflugs gelang es den Einsatzkr\u00e4ften, eine Ausbreitung des Feuers auf die angrenzenden Wohngeb\u00e4ude zu verhindern. Deren Bewohner hatten sich bereits vor dem Eintreffen der Einsatzkr\u00e4fte ins Freie begeben. Kurz vor zwei Uhr meldete der anwesende Kreiswehrf\u00fchrer das Feuer unter Kontrolle. F\u00fcr die Restl\u00f6scharbeiten wurde durch den Bauhof die angrenzende Stra\u00dfe abgesperrt.<\/p>\n<p>Der Kriminaldauerdienst beschlagnahmte den Brandort. Die Ermittlungen zur Ursache dauern an.<\/p>\n","protected":false},"excerpt":{"rendered":"<p>Symbolfoto: L\u00fcbeck (ots) Am heutigen Montagmorgen (03.03.) wurde \u00fcber den Polizeinotruf eine brennende Scheune in der Gemeinde Bosau gemeldet. Diese<\/p>\n","protected":false},"author":3,"featured_media":439745,"comment_status":"closed","ping_status":"open","sticky":false,"template":"","format":"standard","meta":{"colormag_page_container_layout":"default_layout","colormag_page_sidebar_layout":"default_layout","footnotes":""},"categories":[1527],"tags":[25090],"class_list":["post-443822","post","type-post","status-publish","format-standard","has-post-thumbnail","hentry","category-blaulicht","tag-pol-hl-oh-bosau-scheune-in-bosau-abgebrannt"],"_links":{"self":[{"href":"https:\/\/hier-luebeck.de\/index.php\/wp-json\/wp\/v2\/posts\/443822","targetHints":{"allow":["GET"]}}],"collection":[{"href":"https:\/\/hier-luebeck.de\/index.php\/wp-json\/wp\/v2\/posts"}],"about":[{"href":"https:\/\/hier-luebeck.de\/index.php\/wp-json\/wp\/v2\/types\/post"}],"author":[{"embeddable":true,"href":"https:\/\/hier-luebeck.de\/index.php\/wp-json\/wp\/v2\/users\/3"}],"replies":[{"embeddable":true,"href":"https:\/\/hier-luebeck.de\/index.php\/wp-json\/wp\/v2\/comments?post=443822"}],"version-history":[{"count":1,"href":"https:\/\/hier-luebeck.de\/index.php\/wp-json\/wp\/v2\/posts\/443822\/revisions"}],"predecessor-version":[{"id":443823,"href":"https:\/\/hier-luebeck.de\/index.php\/wp-json\/wp\/v2\/posts\/443822\/revisions\/443823"}],"wp:featuredmedia":[{"embeddable":true,"href":"https:\/\/hier-luebeck.de\/index.php\/wp-json\/wp\/v2\/media\/439745"}],"wp:attachment":[{"href":"https:\/\/hier-luebeck.de\/index.php\/wp-json\/wp\/v2\/media?parent=443822"}],"wp:term":[{"taxonomy":"category","embeddable":true,"href":"https:\/\/hier-luebeck.de\/index.php\/wp-json\/wp\/v2\/categories?post=443822"},{"taxonomy":"post_tag","embeddable":true,"href":"https:\/\/hier-luebeck.de\/index.php\/wp-json\/wp\/v2\/tags?post=443822"}],"curies":[{"name":"wp","href":"https:\/\/api.w.org\/{rel}","templated":true}]}}