{"id":443912,"date":"2025-03-04T11:13:28","date_gmt":"2025-03-04T10:13:28","guid":{"rendered":"https:\/\/hier-luebeck.de\/index.php\/pol-hl-oh-oldenburg-verkehrsunfall-zwischen-bus-und-pkw\/"},"modified":"2025-03-04T11:13:28","modified_gmt":"2025-03-04T10:13:28","slug":"pol-hl-oh-oldenburg-verkehrsunfall-zwischen-bus-und-pkw","status":"publish","type":"post","link":"https:\/\/hier-luebeck.de\/index.php\/pol-hl-oh-oldenburg-verkehrsunfall-zwischen-bus-und-pkw\/","title":{"rendered":"POL-HL: OH &#8211; Oldenburg \/ Verkehrsunfall zwischen Bus und Pkw"},"content":{"rendered":"<p>L\u00fcbeck (ots) &#8211; <\/p>\n<p>Am Montagabend (03.03.2024) kam es in Oldenburg \/ in Holstein auf einer Kreuzung zu einem Verkehrsunfall zwischen einem Linienbus und einem Pkw. In den Fahrzeugen befanden sich insgesamt sechs Personen, von denen drei leicht verletzt wurden. Sowohl der Bus als auch der Pkw waren nicht mehr fahrbereit und mussten abgeschleppt werden. Es entstand ein Sachschaden in H\u00f6he von circa 20.000EUR.<\/p>\n<p><!--more--><\/p>\n<p>Gegen 22:00 Uhr erhielt die Polizei in Oldenburg Kenntnis \u00fcber einen Unfall unter Beteiligung eines Linienbusses und eines Autos auf der Kreuzung Neust\u00e4dter Stra\u00dfe \/ Kieler Chaussee. Der Rettungsdienst und die Feuerwehr r\u00fcckten ebenfalls aus.<br \/>\nAuf der Kreuzung war ein aus der Neust\u00e4dter Stra\u00dfe stadteinw\u00e4rts fahrender Renault Twingo mit einem Linienbus kollidiert, der aus der Bahnhofstra\u00dfe vom ZOB kommend in die Kreuzung einfuhr. Der 20-j\u00e4hrige Fahrer des Pkw hatte nach derzeitigem Ermittlungsstand die Vorfahrt missachtet, wodurch es zu dem Unfall kam. Zum Unfallzeitpunkt war die Ampel ausgeschaltet, sodass die angebrachten Vorfahrtszeichen galten.<br \/>\nBei dem Zusammensto\u00df wurden der 20-j\u00e4hrige Ostholsteiner und seine 19-j\u00e4hrige Beifahrerin leicht verletzt. Der 49-j\u00e4hrige Busfahrer aus Kiel erlitt durch den Aufprall ebenfalls leichte Verletzungen. Der Rettungsdienst brachte die Unfallbeteiligten zur weiteren Behandlung in ein nahe gelegenes Krankenhaus. Die drei Fahrg\u00e4ste des Linienbusses blieben unverletzt.<br \/>\nBeide Fahrzeuge waren nicht mehr fahrbereit und mussten abgeschleppt werden. Aufgrund der starken Besch\u00e4digungen liefen Betriebsstoffe aus, die die Feuerwehr aufnahm. Der Gesamtsachschaden bel\u00e4uft sich auf circa 20.000EUR.<br \/>\nGegen den 20-j\u00e4hrigen Ostholsteiner leitete die Polizei ein Ermittlungsverfahren wegen des Verdachts der fahrl\u00e4ssigen K\u00f6rperverletzung und der Missachtung der Vorfahrt ein.<br \/>\nR\u00fcckfragen bitte an:<\/p>\n<p>Polizeidirektion L\u00fcbeck<br \/>\nPolizeidirektion L\u00fcbeck Pressestelle<br \/>\nAnna Julia Meyer &#8211; Pressesprecherin<br \/>\nTelefon: 0451-131-2015<br \/>\nFax: 0451-131-2019<br \/>\nE-Mail: pressestelle.luebeck.pd@polizei.landsh.de<\/p>\n<p>Original-Content von: Polizeidirektion L\u00fcbeck, \u00fcbermittelt durch news aktuell<\/p>\n<p>Dieser Beitrag wurde automatisch von Presseportal.de zur Verf\u00fcgung gestellt: https:\/\/www.presseportal.de\/blaulicht\/pm\/43738\/5983324<\/p>\n","protected":false},"excerpt":{"rendered":"<p>L\u00fcbeck (ots) &#8211; Am Montagabend (03.03.2024) kam es in Oldenburg \/ in Holstein auf einer Kreuzung zu einem Verkehrsunfall zwischen<\/p>\n","protected":false},"author":0,"featured_media":0,"comment_status":"open","ping_status":"open","sticky":false,"template":"","format":"standard","meta":{"colormag_page_container_layout":"default_layout","colormag_page_sidebar_layout":"default_layout","footnotes":""},"categories":[1527],"tags":[],"class_list":["post-443912","post","type-post","status-publish","format-standard","hentry","category-blaulicht"],"_links":{"self":[{"href":"https:\/\/hier-luebeck.de\/index.php\/wp-json\/wp\/v2\/posts\/443912","targetHints":{"allow":["GET"]}}],"collection":[{"href":"https:\/\/hier-luebeck.de\/index.php\/wp-json\/wp\/v2\/posts"}],"about":[{"href":"https:\/\/hier-luebeck.de\/index.php\/wp-json\/wp\/v2\/types\/post"}],"replies":[{"embeddable":true,"href":"https:\/\/hier-luebeck.de\/index.php\/wp-json\/wp\/v2\/comments?post=443912"}],"version-history":[{"count":0,"href":"https:\/\/hier-luebeck.de\/index.php\/wp-json\/wp\/v2\/posts\/443912\/revisions"}],"wp:attachment":[{"href":"https:\/\/hier-luebeck.de\/index.php\/wp-json\/wp\/v2\/media?parent=443912"}],"wp:term":[{"taxonomy":"category","embeddable":true,"href":"https:\/\/hier-luebeck.de\/index.php\/wp-json\/wp\/v2\/categories?post=443912"},{"taxonomy":"post_tag","embeddable":true,"href":"https:\/\/hier-luebeck.de\/index.php\/wp-json\/wp\/v2\/tags?post=443912"}],"curies":[{"name":"wp","href":"https:\/\/api.w.org\/{rel}","templated":true}]}}