{"id":444854,"date":"2025-03-28T16:00:06","date_gmt":"2025-03-28T15:00:06","guid":{"rendered":"https:\/\/hier-luebeck.de\/index.php\/dr-jana-sinram-wird-korrespondentin-im-ard-studio-stockholm\/"},"modified":"2025-03-28T16:00:06","modified_gmt":"2025-03-28T15:00:06","slug":"dr-jana-sinram-wird-korrespondentin-im-ard-studio-stockholm","status":"publish","type":"post","link":"https:\/\/hier-luebeck.de\/index.php\/dr-jana-sinram-wird-korrespondentin-im-ard-studio-stockholm\/","title":{"rendered":"Dr. Jana Sinram wird Korrespondentin im ARD-Studio Stockholm"},"content":{"rendered":"<p>Hamburg (ots) &#8211; <\/p>\n<p>Wie der Verwaltungsrat des Norddeutschen Rundfunks in seiner Sitzung am 28. M\u00e4rz best\u00e4tigt hat, wird Dr. Jana Sinram zum 1. August 2025 crossmediale Korrespondentin im ARD-Studio Stockholm. Sie erg\u00e4nzt das Team um Sofie Donges und Christian Blenker.<\/p>\n<p><!--more--><\/p>\n<p>Im Zuge der Neuordnung des ARD-Auslandsnetzes wird das Deutschlandradio Kooperationspartner und entsendet Sinram. Die Federf\u00fchrung f\u00fcr das Studio hat der Norddeutsche Rundfunk. Das Studio ist zust\u00e4ndig f\u00fcr die Berichterstattung aus Skandinavien, Finnland und dem Baltikum sowie aus den autonomen Regionen F\u00e4r\u00f6er und Gr\u00f6nland. <\/p>\n<p>NDR Chefredakteur Andreas Cichowicz: <\/p>\n<p>&#8222;Jana Sinram ist eine ganz hervorragend qualifizierte Kollegin, auf die wir uns sehr freuen! Sie wird unser erfahrenes, crossmediales Team in Stockholm sehr gut unterst\u00fctzen. Das ist besonders wichtig, da das Berichterstattungsgebiet Skandinavien\/Baltikum durch Russlands Krieg in der Ukraine, zuletzt aber auch durch die von US-Pr\u00e4sident Trump angemeldeten Anspr\u00fcche auf Gr\u00f6nland permanent im Fokus steht.&#8220; <\/p>\n<p>Jana Sinram (42) wurde in Uslar (Niedersachsen) geboren und studierte Politikwissenschaft, Nordische Philologie und Europ\u00e4ische Ethnologie in Kiel, M\u00fcnster und Stockholm. In ihrer Dissertation untersuchte sie die d\u00e4nische Migrationspolitik und den Streit \u00fcber die Mohammed-Karikaturen der Zeitung &#8222;Jyllands Posten&#8220;. F\u00fcr l\u00e4ngere H\u00f6rfunk-Reportagen reiste sie immer wieder in den Norden und hospitierte im Rahmen eines Stipendiums der Internationalen Journalistenprogramme zwei Monate beim norwegischen Rundfunksender NRK in Troms\u00f8. <\/p>\n<p>Jana Sinram ist Absolventin der Deutschen Journalistenschule in M\u00fcnchen. Ihre journalistische Heimat ist seit 15 Jahren die Nachrichtenredaktion des Deutschlandfunks in K\u00f6ln. Als freie Mitarbeiterin hat sie au\u00dferdem l\u00e4nger f\u00fcr den WDR und den SWR gearbeitet. Sie spricht flie\u00dfend Schwedisch. <\/p>\n<p>Pressekontakt:<\/p>\n<p>Norddeutscher Rundfunk<br \/>\nUnternehmenskommunikation<br \/>\nPresse und Kommunikation<br \/>\nMail: presse@ndr.de<\/p>\n<p>Original-Content von: NDR Norddeutscher Rundfunk, \u00fcbermittelt durch news aktuell<\/p>\n<p>Dieser Beitrag wurde automatisch von Presseportal.de zur Verf\u00fcgung gestellt: https:\/\/www.presseportal.de\/pm\/6561\/6001294<\/p>\n","protected":false},"excerpt":{"rendered":"<p>Hamburg (ots) &#8211; Wie der Verwaltungsrat des Norddeutschen Rundfunks in seiner Sitzung am 28. M\u00e4rz best\u00e4tigt hat, wird Dr. Jana<\/p>\n","protected":false},"author":0,"featured_media":444855,"comment_status":"open","ping_status":"open","sticky":false,"template":"","format":"standard","meta":{"colormag_page_container_layout":"default_layout","colormag_page_sidebar_layout":"default_layout","footnotes":""},"categories":[7],"tags":[],"class_list":["post-444854","post","type-post","status-publish","format-standard","has-post-thumbnail","hentry","category-wissenschaft"],"_links":{"self":[{"href":"https:\/\/hier-luebeck.de\/index.php\/wp-json\/wp\/v2\/posts\/444854","targetHints":{"allow":["GET"]}}],"collection":[{"href":"https:\/\/hier-luebeck.de\/index.php\/wp-json\/wp\/v2\/posts"}],"about":[{"href":"https:\/\/hier-luebeck.de\/index.php\/wp-json\/wp\/v2\/types\/post"}],"replies":[{"embeddable":true,"href":"https:\/\/hier-luebeck.de\/index.php\/wp-json\/wp\/v2\/comments?post=444854"}],"version-history":[{"count":0,"href":"https:\/\/hier-luebeck.de\/index.php\/wp-json\/wp\/v2\/posts\/444854\/revisions"}],"wp:featuredmedia":[{"embeddable":true,"href":"https:\/\/hier-luebeck.de\/index.php\/wp-json\/wp\/v2\/media\/444855"}],"wp:attachment":[{"href":"https:\/\/hier-luebeck.de\/index.php\/wp-json\/wp\/v2\/media?parent=444854"}],"wp:term":[{"taxonomy":"category","embeddable":true,"href":"https:\/\/hier-luebeck.de\/index.php\/wp-json\/wp\/v2\/categories?post=444854"},{"taxonomy":"post_tag","embeddable":true,"href":"https:\/\/hier-luebeck.de\/index.php\/wp-json\/wp\/v2\/tags?post=444854"}],"curies":[{"name":"wp","href":"https:\/\/api.w.org\/{rel}","templated":true}]}}