{"id":44564,"date":"2011-10-05T08:48:13","date_gmt":"2011-10-05T06:48:13","guid":{"rendered":"http:\/\/www.hier-luebeck.de\/?p=44564"},"modified":"2011-10-05T08:48:13","modified_gmt":"2011-10-05T06:48:13","slug":"eroffnung-des-4-global-economic-symposiums-in-kiel-ministerprasident-carstensen-fur-mehr-kooperationen-auf-internationaler-ebene","status":"publish","type":"post","link":"https:\/\/hier-luebeck.de\/index.php\/eroffnung-des-4-global-economic-symposiums-in-kiel-ministerprasident-carstensen-fur-mehr-kooperationen-auf-internationaler-ebene\/","title":{"rendered":"Er\u00f6ffnung des 4. Global Economic Symposiums in Kiel: Ministerpr\u00e4sident Carstensen f\u00fcr mehr Kooperationen auf internationaler Ebene"},"content":{"rendered":"<p>Schleswig-Holsteins Ministerpr\u00e4sident Peter Harry Carstensen hat zur Er\u00f6ffnung des 4. Global Economic Symposiums in Kiel zu einem Schulterschluss zwischen Politik, Wirtschaft und Wissenschaft aufgerufen. Nur so k\u00f6nnten die dringenden Antworten auf die globalen Herausforderungen unserer Zeit gefunden werden.<!--more--><\/p>\n<p>&#8222;Bei den Themen Klimawandel, Ressourcenknappheit, Hunger und Armut, Terrorismus oder Bildungsmangel kann niemand alleine etwas bewegen. Hier ben\u00f6tigen wir Kooperationen auf globaler Ebene&#8220;, sagte er. Sieben Milliarden Menschen auf der Welt seien sieben Milliarden gute Gr\u00fcnde, Antworten auf diese Herausforderungen zu suchen. Es sei gut, dass die Teilnehmer des Global Economic Symposiums in Kiel sich nicht mit Diskussionen begn\u00fcgen, sondern auch L\u00f6sungen anbieten wollen.<\/p>\n<p>Der Ministerpr\u00e4sident begr\u00fc\u00dfte es, dass sich das Symposium erstmals mit zwei Themen besch\u00e4ftige, die aus schleswig-holsteinischer Sicht von besonderem Interesse seien: die Frage, wie internationale Seewege sicherer gemacht werden k\u00f6nnen und die Diskussion, welche Rolle die Maritime Industrie bei der Erforschung der Ozeane spielen k\u00f6nne.<\/p>\n<p>Schleswig-Holstein sei stolz, Gastgeber des vierten Global Economic Symposiums zu sein, so der Regierungschef weiter. Es sei gut, dass diese Veranstaltung mit Weltruf nach Schleswig-Holstein zur\u00fcckgekehrt sei. Die Entscheidung, das Symposium k\u00fcnftig alle zwei Jahre abwechselnd in Schleswig-Holstein und an einem anderen Ort in der Welt stattfinden lassen, begr\u00fc\u00dfe er sehr. &#8222;Das unterstreicht die globale Perspektive und das Streben nach weltweit vernetztem Denken, das ich als verbindende Idee hinter diesem Symposium sehe&#8220;, sagte Carstensen. Er dankte allen G\u00e4sten, dem Institut f\u00fcr Weltwirtschaft und den Sponsoren f\u00fcr ihre Teilnahme und ihr Engagement: &#8222;F\u00fcr Kiel und Schleswig-Holstein ist es eine Ehre, Sie hier begr\u00fc\u00dfen zu d\u00fcrfen.&#8220;<\/p>\n","protected":false},"excerpt":{"rendered":"<p>Schleswig-Holsteins Ministerpr\u00e4sident Peter Harry Carstensen hat zur Er\u00f6ffnung des 4. Global Economic Symposiums in Kiel zu einem Schulterschluss zwischen Politik,<\/p>\n","protected":false},"author":3,"featured_media":0,"comment_status":"open","ping_status":"open","sticky":false,"template":"","format":"standard","meta":{"colormag_page_container_layout":"default_layout","colormag_page_sidebar_layout":"default_layout","footnotes":""},"categories":[5],"tags":[],"class_list":["post-44564","post","type-post","status-publish","format-standard","hentry","category-politik-wirtschaft"],"_links":{"self":[{"href":"https:\/\/hier-luebeck.de\/index.php\/wp-json\/wp\/v2\/posts\/44564","targetHints":{"allow":["GET"]}}],"collection":[{"href":"https:\/\/hier-luebeck.de\/index.php\/wp-json\/wp\/v2\/posts"}],"about":[{"href":"https:\/\/hier-luebeck.de\/index.php\/wp-json\/wp\/v2\/types\/post"}],"author":[{"embeddable":true,"href":"https:\/\/hier-luebeck.de\/index.php\/wp-json\/wp\/v2\/users\/3"}],"replies":[{"embeddable":true,"href":"https:\/\/hier-luebeck.de\/index.php\/wp-json\/wp\/v2\/comments?post=44564"}],"version-history":[{"count":0,"href":"https:\/\/hier-luebeck.de\/index.php\/wp-json\/wp\/v2\/posts\/44564\/revisions"}],"wp:attachment":[{"href":"https:\/\/hier-luebeck.de\/index.php\/wp-json\/wp\/v2\/media?parent=44564"}],"wp:term":[{"taxonomy":"category","embeddable":true,"href":"https:\/\/hier-luebeck.de\/index.php\/wp-json\/wp\/v2\/categories?post=44564"},{"taxonomy":"post_tag","embeddable":true,"href":"https:\/\/hier-luebeck.de\/index.php\/wp-json\/wp\/v2\/tags?post=44564"}],"curies":[{"name":"wp","href":"https:\/\/api.w.org\/{rel}","templated":true}]}}