{"id":44579,"date":"2011-10-05T09:07:27","date_gmt":"2011-10-05T07:07:27","guid":{"rendered":"http:\/\/www.hier-luebeck.de\/?p=44579"},"modified":"2011-10-05T09:07:27","modified_gmt":"2011-10-05T07:07:27","slug":"burgermeister-stellt-antrag-fur-soziale-stadt-moisling","status":"publish","type":"post","link":"https:\/\/hier-luebeck.de\/index.php\/burgermeister-stellt-antrag-fur-soziale-stadt-moisling\/","title":{"rendered":"B\u00fcrgermeister stellt Antrag f\u00fcr Soziale Stadt Moisling"},"content":{"rendered":"<p>Finanzbedarf des St\u00e4dtebauf\u00f6rderungsprogramms bel\u00e4uft sich auf knapp 8 Millionen Euro<\/p>\n<p>B\u00fcrgermeister Bernd Saxe hat beim Innenministerium des Landes den Antrag auf \u201eGew\u00e4hrung von Zuwendungen f\u00fcr Ma\u00dfnahmen der Sozialen Stadt\u201c f\u00fcr den L\u00fcbecker Stadtteil Moisling gestellt. Der Finanzierungsbedarf f\u00fcr dieses Programm bel\u00e4uft sich auf 7,92 Millionen Euro. Mit dem St\u00e4dtebauf\u00f6rderungsprogramm \u201eStadtteile mit besonderem Entwicklungsbedarf \u2013 Soziale Stadt\u201c des Bundesministeriums f\u00fcr Verkehr, Bau und Stadtentwicklung (BMVBS) und der L\u00e4nder wurde im Jahr 1999 mit dem Ziel gestartet, die \u201eAbw\u00e4rtsspirale\u201c in benachteiligten Stadtteilen aufzuhalten und die Lebensbedingungen vor Ort umfassend zu verbessern, so das Bundesministerium f\u00fcr Verkehr, Bau und Stadtentwicklung.<!--more--><\/p>\n<p>Saxe: \u201eMit dem Projekt Soziale Stadt wollen wir die Lebensqualit\u00e4t und Urbanit\u00e4t in Moisling nachhaltig verbessern. Der Stadtteil hat zum Leben dort viel zu bieten und soll auch f\u00fcr junge Familien wieder attraktiver werden. Daran wollen wir mit den \u00f6rtlichen Vereinen, Parteien und Initiativen gemeinsam arbeiten.\u201c<\/p>\n<p>Nach bisherigem Stand ist beabsichtigt, im kommenden Jahr mit dem Programm Soziale Stadt Moisling zu beginnen. Den Fachaussch\u00fcssen sowie der B\u00fcrgerschaft wird dazu eine entsprechende Vorlage zugeleitet, \u00fcber die voraussichtlich im November abgestimmt wird.<\/p>\n<p>Ma\u00dfnahmen zur Verbesserung der Sozial- und \/ oder Wirtschaftsstruktur, der Ausstattung mit soziale und stadtteilkultureller Infrastruktur sowie zur Qualit\u00e4tsverbesserung von Wohnungen, Wohnumfeld und Umwelt gab es im Rahmen des Soziale-Stadt-Programms in L\u00fcbeck bereits in St. Lorenz, Hudekamp sowie Buntekuh.<\/p>\n","protected":false},"excerpt":{"rendered":"<p>Finanzbedarf des St\u00e4dtebauf\u00f6rderungsprogramms bel\u00e4uft sich auf knapp 8 Millionen Euro B\u00fcrgermeister Bernd Saxe hat beim Innenministerium des Landes den Antrag<\/p>\n","protected":false},"author":3,"featured_media":0,"comment_status":"open","ping_status":"open","sticky":false,"template":"","format":"standard","meta":{"colormag_page_container_layout":"default_layout","colormag_page_sidebar_layout":"default_layout","footnotes":""},"categories":[20],"tags":[],"class_list":["post-44579","post","type-post","status-publish","format-standard","hentry","category-besondere-neuigkeiten"],"_links":{"self":[{"href":"https:\/\/hier-luebeck.de\/index.php\/wp-json\/wp\/v2\/posts\/44579","targetHints":{"allow":["GET"]}}],"collection":[{"href":"https:\/\/hier-luebeck.de\/index.php\/wp-json\/wp\/v2\/posts"}],"about":[{"href":"https:\/\/hier-luebeck.de\/index.php\/wp-json\/wp\/v2\/types\/post"}],"author":[{"embeddable":true,"href":"https:\/\/hier-luebeck.de\/index.php\/wp-json\/wp\/v2\/users\/3"}],"replies":[{"embeddable":true,"href":"https:\/\/hier-luebeck.de\/index.php\/wp-json\/wp\/v2\/comments?post=44579"}],"version-history":[{"count":0,"href":"https:\/\/hier-luebeck.de\/index.php\/wp-json\/wp\/v2\/posts\/44579\/revisions"}],"wp:attachment":[{"href":"https:\/\/hier-luebeck.de\/index.php\/wp-json\/wp\/v2\/media?parent=44579"}],"wp:term":[{"taxonomy":"category","embeddable":true,"href":"https:\/\/hier-luebeck.de\/index.php\/wp-json\/wp\/v2\/categories?post=44579"},{"taxonomy":"post_tag","embeddable":true,"href":"https:\/\/hier-luebeck.de\/index.php\/wp-json\/wp\/v2\/tags?post=44579"}],"curies":[{"name":"wp","href":"https:\/\/api.w.org\/{rel}","templated":true}]}}