{"id":44581,"date":"2011-10-05T09:08:24","date_gmt":"2011-10-05T07:08:24","guid":{"rendered":"http:\/\/www.hier-luebeck.de\/?p=44581"},"modified":"2011-10-05T09:08:24","modified_gmt":"2011-10-05T07:08:24","slug":"rostocker-delegation-informiert-sich-uber-bildungsfonds","status":"publish","type":"post","link":"https:\/\/hier-luebeck.de\/index.php\/rostocker-delegation-informiert-sich-uber-bildungsfonds\/","title":{"rendered":"Rostocker Delegation informiert sich \u00fcber Bildungsfonds"},"content":{"rendered":"<p>L\u00fcbecker Modell Vorreiter der erfolgreichen Umsetzung des Bildungs- und Teilhabepakets<\/p>\n<p>Eine Delegation der Hansestadt Rostock besucht am Donnerstag, 6. Oktober 2011, die L\u00fcbecker Stadtverwaltung, um sich \u00fcber den L\u00fcbecker Bildungsfonds und die Umsetzung des Bildungs- und Teilhabepakets in L\u00fcbeck zu informieren. Unter F\u00fchrung von Senatorin Dr. Liane Melzer werden Mitarbeiter des Amtes f\u00fcr Jugend und Soziales, der Leiter des Jobcenters, der Leiter der VHS sowie der Leiter des Amtes f\u00fcr Schule und Sport teilnehmen.<!--more--><\/p>\n<p>Schon seit zwei Jahren gibt es den L\u00fcbecker Bildungsfonds, der sich aus Stiftungsmitteln finanziert. Kitas und Schulen sind dadurch in der Lage, Kinder und Jugendliche schnell und unb\u00fcrokratisch zu unterst\u00fctzen. Seit Jahresbeginn werden auch die Mittel aus dem Bildungs- und Teilhabepaket des Bundes \u00fcber den L\u00fcbecker Bildungsfonds abgewickelt. Dieses Vorgehen hat sich als eine optimale L\u00f6sung gezeigt und st\u00f6\u00dft auf bundesweites Interesse.<\/p>\n<p>M\u00f6glich wird die Abwicklung der Bildungs- und Teilhabeleistungen \u00fcber den L\u00fcbecker Bildungsfonds durch die enge Kooperation zwischen Stadtverwaltung und Jobcenter. Ziel ist es, die Kinder und Familien dort anzusprechen, wo sie sich t\u00e4glich aufhalten &#8211; n\u00e4mlich in den Kitas und Schulen. So wird die Schwelle, \u00fcberhaupt einen Antrag zu stellen, m\u00f6glichst niedrig gehalten. Die Kita bzw. Schule kann mithilfe der Stiftungsmittel aus dem Bildungsfonds sofort entscheiden, ob beispielsweise das Mittagessen bezuschusst werden soll. Dadurch erhalten Kinder direkte Hilfe und es wird ein Beitrag zu mehr Chancengerechtigkeit geleistet.<\/p>\n<p>\u00c4hnlich wie in L\u00fcbeck, wo der Bildungsfonds bereits seit 2008 umgesetzt wird, stellt sich auch die Hansestadt Rostock die Vergabe der Mittel aus dem Bildungs- und Teilhabepaket vor und orientiert sich dabei am erfolgreichen L\u00fcbecker Modell. Bis dahin m\u00fcsse man noch viele Wege ebnen und Vorbereitungen treffen. Auch in Rostock gehe man konsequent diesen Weg und sorge vor Ort &#8211; in Schulen und Kitas \u2013 daf\u00fcr, dass die Leistung bei den Kindern ankomme.<\/p>\n","protected":false},"excerpt":{"rendered":"<p>L\u00fcbecker Modell Vorreiter der erfolgreichen Umsetzung des Bildungs- und Teilhabepakets Eine Delegation der Hansestadt Rostock besucht am Donnerstag, 6. Oktober<\/p>\n","protected":false},"author":3,"featured_media":0,"comment_status":"open","ping_status":"open","sticky":false,"template":"","format":"standard","meta":{"colormag_page_container_layout":"default_layout","colormag_page_sidebar_layout":"default_layout","footnotes":""},"categories":[20],"tags":[],"class_list":["post-44581","post","type-post","status-publish","format-standard","hentry","category-besondere-neuigkeiten"],"_links":{"self":[{"href":"https:\/\/hier-luebeck.de\/index.php\/wp-json\/wp\/v2\/posts\/44581","targetHints":{"allow":["GET"]}}],"collection":[{"href":"https:\/\/hier-luebeck.de\/index.php\/wp-json\/wp\/v2\/posts"}],"about":[{"href":"https:\/\/hier-luebeck.de\/index.php\/wp-json\/wp\/v2\/types\/post"}],"author":[{"embeddable":true,"href":"https:\/\/hier-luebeck.de\/index.php\/wp-json\/wp\/v2\/users\/3"}],"replies":[{"embeddable":true,"href":"https:\/\/hier-luebeck.de\/index.php\/wp-json\/wp\/v2\/comments?post=44581"}],"version-history":[{"count":0,"href":"https:\/\/hier-luebeck.de\/index.php\/wp-json\/wp\/v2\/posts\/44581\/revisions"}],"wp:attachment":[{"href":"https:\/\/hier-luebeck.de\/index.php\/wp-json\/wp\/v2\/media?parent=44581"}],"wp:term":[{"taxonomy":"category","embeddable":true,"href":"https:\/\/hier-luebeck.de\/index.php\/wp-json\/wp\/v2\/categories?post=44581"},{"taxonomy":"post_tag","embeddable":true,"href":"https:\/\/hier-luebeck.de\/index.php\/wp-json\/wp\/v2\/tags?post=44581"}],"curies":[{"name":"wp","href":"https:\/\/api.w.org\/{rel}","templated":true}]}}