{"id":44583,"date":"2011-10-05T09:09:11","date_gmt":"2011-10-05T07:09:11","guid":{"rendered":"http:\/\/www.hier-luebeck.de\/?p=44583"},"modified":"2011-10-05T09:09:11","modified_gmt":"2011-10-05T07:09:11","slug":"burgerschaft-tagt-im-kommenden-jahr-sieben-mal","status":"publish","type":"post","link":"https:\/\/hier-luebeck.de\/index.php\/burgerschaft-tagt-im-kommenden-jahr-sieben-mal\/","title":{"rendered":"B\u00fcrgerschaft tagt im kommenden Jahr sieben Mal"},"content":{"rendered":"<p>B\u00fcro der B\u00fcrgerschaft teilt Termine f\u00fcr 2012 mit \u2013 Einwohnerversammlung im Juni<\/p>\n<p>Das B\u00fcro der B\u00fcrgerschaft hat die Termine der B\u00fcrgerschaftssitzungen im kommenden Jahr mitgeteilt. Danach tagt die B\u00fcrgerschaft in 2012 sieben Mal: Im Januar, Februar und M\u00e4rz, im Mai, August und September sowie im November.<!--more--> Bei der letztgenannten Sitzung soll der Haushalt 2013 beraten werden, so dass die B\u00fcrgerschaft bereits um 12 Uhr zusammentritt. Auch die Augustsitzung beginnt bereits um 12 Uhr. Alle anderen B\u00fcrgerschaftssitzungen sind jeweils am letzten Donnerstag der genannten Monate und fangen um 16 Uhr an.<\/p>\n<p>Die Einwohnerversammlung im kommenden Jahr ist f\u00fcr Montag, 18. Juni 2012, angesetzt worden. Sie soll um 17 Uhr im B\u00fcrgerschaftssaal des Rathauses stattfinden.<\/p>\n","protected":false},"excerpt":{"rendered":"<p>B\u00fcro der B\u00fcrgerschaft teilt Termine f\u00fcr 2012 mit \u2013 Einwohnerversammlung im Juni Das B\u00fcro der B\u00fcrgerschaft hat die Termine der<\/p>\n","protected":false},"author":3,"featured_media":0,"comment_status":"open","ping_status":"open","sticky":false,"template":"","format":"standard","meta":{"colormag_page_container_layout":"default_layout","colormag_page_sidebar_layout":"default_layout","footnotes":""},"categories":[14],"tags":[],"class_list":["post-44583","post","type-post","status-publish","format-standard","hentry","category-tipps-informationen"],"_links":{"self":[{"href":"https:\/\/hier-luebeck.de\/index.php\/wp-json\/wp\/v2\/posts\/44583","targetHints":{"allow":["GET"]}}],"collection":[{"href":"https:\/\/hier-luebeck.de\/index.php\/wp-json\/wp\/v2\/posts"}],"about":[{"href":"https:\/\/hier-luebeck.de\/index.php\/wp-json\/wp\/v2\/types\/post"}],"author":[{"embeddable":true,"href":"https:\/\/hier-luebeck.de\/index.php\/wp-json\/wp\/v2\/users\/3"}],"replies":[{"embeddable":true,"href":"https:\/\/hier-luebeck.de\/index.php\/wp-json\/wp\/v2\/comments?post=44583"}],"version-history":[{"count":0,"href":"https:\/\/hier-luebeck.de\/index.php\/wp-json\/wp\/v2\/posts\/44583\/revisions"}],"wp:attachment":[{"href":"https:\/\/hier-luebeck.de\/index.php\/wp-json\/wp\/v2\/media?parent=44583"}],"wp:term":[{"taxonomy":"category","embeddable":true,"href":"https:\/\/hier-luebeck.de\/index.php\/wp-json\/wp\/v2\/categories?post=44583"},{"taxonomy":"post_tag","embeddable":true,"href":"https:\/\/hier-luebeck.de\/index.php\/wp-json\/wp\/v2\/tags?post=44583"}],"curies":[{"name":"wp","href":"https:\/\/api.w.org\/{rel}","templated":true}]}}