{"id":446104,"date":"2025-05-07T16:19:35","date_gmt":"2025-05-07T14:19:35","guid":{"rendered":"https:\/\/hier-luebeck.de\/?p=446104"},"modified":"2025-05-07T16:36:19","modified_gmt":"2025-05-07T14:36:19","slug":"verfassungsschutz-gutachten","status":"publish","type":"post","link":"https:\/\/hier-luebeck.de\/index.php\/verfassungsschutz-gutachten\/","title":{"rendered":"VERFASSUNGSSCHUTZ-GUTACHTEN"},"content":{"rendered":"<p><span class=\"translatable-message\">Faesers Bombe unter Dobrindts Schreibtisch! Die Ex-Innenministerin hinterl\u00e4sst ihrem Nachfolger mit dem Verfassungsschutz-Gutachten zur AfD ein explosives Problem. Wie auch immer es weitergeht: Demn\u00e4chst entscheidet erst einmal ein Gericht in K\u00f6ln. <!--more-->Entweder macht er sich das Gutachten zu eigen \u2013 dann tr\u00e4gt er auch die Verantwortung, wenn ein Gericht es als zu d\u00fcnn einstuft. Oder er erkl\u00e4rt das Papier zu einem Arbeitsstand des Verfassungsschutzes aus der Zeit der alten Regierung, dem er keinen gro\u00dfen Wert beimisst. Damit w\u00e4re er automatisch einer politisch-medialen Kampagne ausgesetzt bis in die Reihen des neuen Koalitionspartners SPD: Er w\u00fcrde dann als AfD-Helfer und Demokratiegef\u00e4hrder gebrandmarkt, der das Verbotsverfahren gegen die gr\u00f6\u00dfte Oppositionspartei des Landes sabotiert<\/span><\/p>\n<p><a class=\"anchor-url\" href=\"https:\/\/www.tichyseinblick.de\/daili-es-sentials\/faeser-dobrindt-verfassungsschutz-gutachten-afd\/\" target=\"_blank\" rel=\"noopener noreferrer\">https:\/\/www.tichyseinblick.de\/daili-es-sentials\/faeser-dobrindt-verfassungsschutz-gutachten-afd\/<\/a><\/p>\n","protected":false},"excerpt":{"rendered":"<p>Faesers Bombe unter Dobrindts Schreibtisch! Die Ex-Innenministerin hinterl\u00e4sst ihrem Nachfolger mit dem Verfassungsschutz-Gutachten zur AfD ein explosives Problem. Wie auch<\/p>\n","protected":false},"author":3,"featured_media":446105,"comment_status":"closed","ping_status":"open","sticky":false,"template":"","format":"standard","meta":{"colormag_page_container_layout":"default_layout","colormag_page_sidebar_layout":"default_layout","footnotes":""},"categories":[5],"tags":[25623],"class_list":["post-446104","post","type-post","status-publish","format-standard","has-post-thumbnail","hentry","category-politik-wirtschaft","tag-verfassungsschutz-gutachten"],"_links":{"self":[{"href":"https:\/\/hier-luebeck.de\/index.php\/wp-json\/wp\/v2\/posts\/446104","targetHints":{"allow":["GET"]}}],"collection":[{"href":"https:\/\/hier-luebeck.de\/index.php\/wp-json\/wp\/v2\/posts"}],"about":[{"href":"https:\/\/hier-luebeck.de\/index.php\/wp-json\/wp\/v2\/types\/post"}],"author":[{"embeddable":true,"href":"https:\/\/hier-luebeck.de\/index.php\/wp-json\/wp\/v2\/users\/3"}],"replies":[{"embeddable":true,"href":"https:\/\/hier-luebeck.de\/index.php\/wp-json\/wp\/v2\/comments?post=446104"}],"version-history":[{"count":2,"href":"https:\/\/hier-luebeck.de\/index.php\/wp-json\/wp\/v2\/posts\/446104\/revisions"}],"predecessor-version":[{"id":446118,"href":"https:\/\/hier-luebeck.de\/index.php\/wp-json\/wp\/v2\/posts\/446104\/revisions\/446118"}],"wp:featuredmedia":[{"embeddable":true,"href":"https:\/\/hier-luebeck.de\/index.php\/wp-json\/wp\/v2\/media\/446105"}],"wp:attachment":[{"href":"https:\/\/hier-luebeck.de\/index.php\/wp-json\/wp\/v2\/media?parent=446104"}],"wp:term":[{"taxonomy":"category","embeddable":true,"href":"https:\/\/hier-luebeck.de\/index.php\/wp-json\/wp\/v2\/categories?post=446104"},{"taxonomy":"post_tag","embeddable":true,"href":"https:\/\/hier-luebeck.de\/index.php\/wp-json\/wp\/v2\/tags?post=446104"}],"curies":[{"name":"wp","href":"https:\/\/api.w.org\/{rel}","templated":true}]}}